{"id":1238,"date":"2024-06-26T14:10:30","date_gmt":"2024-06-26T14:10:30","guid":{"rendered":"https:\/\/anvelonet.ro\/stiri\/?p=1238"},"modified":"2024-06-26T14:10:32","modified_gmt":"2024-06-26T14:10:32","slug":"din-nou-podium-falken-la-nurburgring","status":"publish","type":"post","link":"https:\/\/anvelonet.ro\/stiri\/din-nou-podium-falken-la-nurburgring\/","title":{"rendered":"Din nou podium Falken la N\u00fcrburgring"},"content":{"rendered":"\n<p><strong><strong><a href=\"https:\/\/anvelonet.ro\/anvelope-auto\/falken-tire\/\" target=\"_blank\" rel=\"noreferrer noopener\">Falken<\/a> <\/strong>a terminat pe podium \u00een a doua etap\u0103 a N\u00fcrburgring Endurance Series.<\/strong><\/p>\n\n\n\n<p>La doar o zi dup\u0103 victoria general\u0103 a N\u00fcrburgring Endurance Series (NLS), Falken Motorsports s\u0103rb\u0103tore\u0219te o nou\u0103 clasare pe podium cu unul dintre Porsche 911 GT3 R: Tim Heinemann \u0219i Joel Eriksson au ocupat locul al treilea \u00een cea de-a 63-a curs\u0103 ADAC Reinoldus Endurance Race, a doua curs\u0103 a sezonului NLS. Ma\u0219ina sor\u0103 a lui Alessio Picariello \u0219i Martin Ragginger a fost, de asemenea, la un pas de podium p\u00e2n\u0103 \u00een ultima or\u0103 a cursei, dar a trebuit s\u0103 intre la boxe.<\/p>\n\n\n\n<p>\u00cen calific\u0103rile din aceast\u0103 diminea\u021b\u0103, Falken Motorsport s-a bazat pe performan\u021ba puternic\u0103 din ziua precedent\u0103, c\u00e2nd Nico Menzel \u0219i Joel Eriksson au s\u0103rb\u0103torit victoriile generale. Heinemann\/Eriksson au \u00eenceput a doua etap\u0103 a sezonului N\u00fcrburgring Endurance Series de pe locul al treilea cu #4 Porsche 911 GT3 R, \u00een timp ce Picariello\/Ragginger au \u00eenceput cursa de pe locul al \u0219aselea cu ma\u0219ina #3.<\/p>\n\n\n\n<p>Pe parcursul \u00eentregii curse, care a durat patru ore, to\u021bi cei patru pilo\u021bi Falken s-au duelat str\u00e2ns pe pist\u0103, inclusiv numeroase prin schimb\u0103ri de pozi\u021bie. \u00cen condi\u021bii de prim\u0103var\u0103, anvelopele Falken slick s-au comportat impecabil ca \u0219i cu o zi \u00eenainte, astfel \u00eenc\u00e2t ambele ma\u0219ini Porsche Falken au fost printre cele mai rapide ma\u0219ini de pe legendarul Nordschleife pentru cea mai mare parte a cursei.<\/p>\n\n\n\n<figure class=\"wp-block-gallery has-nested-images columns-default is-cropped wp-block-gallery-1 is-layout-flex wp-block-gallery-is-layout-flex\">\n<figure class=\"wp-block-image size-large\"><img loading=\"lazy\" decoding=\"async\" width=\"1024\" height=\"576\" data-id=\"1241\" src=\"https:\/\/anvelonet.ro\/stiri\/wp-content\/uploads\/2024\/06\/2024-NLS-Opening_hires-jpeg-1-1024x576.jpg\" alt=\"\" class=\"wp-image-1241\" srcset=\"https:\/\/anvelonet.ro\/stiri\/wp-content\/uploads\/2024\/06\/2024-NLS-Opening_hires-jpeg-1-1024x576.jpg 1024w, https:\/\/anvelonet.ro\/stiri\/wp-content\/uploads\/2024\/06\/2024-NLS-Opening_hires-jpeg-1-300x169.jpg 300w, https:\/\/anvelonet.ro\/stiri\/wp-content\/uploads\/2024\/06\/2024-NLS-Opening_hires-jpeg-1-768x432.jpg 768w, https:\/\/anvelonet.ro\/stiri\/wp-content\/uploads\/2024\/06\/2024-NLS-Opening_hires-jpeg-1.jpg 1040w\" sizes=\"(max-width: 1024px) 100vw, 1024px\" \/><\/figure>\n\n\n\n<figure class=\"wp-block-image size-large\"><img loading=\"lazy\" decoding=\"async\" width=\"600\" height=\"400\" data-id=\"1242\" src=\"https:\/\/anvelonet.ro\/stiri\/wp-content\/uploads\/2024\/06\/Falken-NLS-2024.jpg\" alt=\"\" class=\"wp-image-1242\" srcset=\"https:\/\/anvelonet.ro\/stiri\/wp-content\/uploads\/2024\/06\/Falken-NLS-2024.jpg 600w, https:\/\/anvelonet.ro\/stiri\/wp-content\/uploads\/2024\/06\/Falken-NLS-2024-300x200.jpg 300w\" sizes=\"(max-width: 600px) 100vw, 600px\" \/><\/figure>\n\n\n\n<figure class=\"wp-block-image size-large\"><img loading=\"lazy\" decoding=\"async\" width=\"1024\" height=\"683\" data-id=\"1243\" src=\"https:\/\/anvelonet.ro\/stiri\/wp-content\/uploads\/2024\/06\/NLS-1-2024_hires-jpeg-1-1024x683.jpg\" alt=\"\" class=\"wp-image-1243\" srcset=\"https:\/\/anvelonet.ro\/stiri\/wp-content\/uploads\/2024\/06\/NLS-1-2024_hires-jpeg-1-1024x683.jpg 1024w, https:\/\/anvelonet.ro\/stiri\/wp-content\/uploads\/2024\/06\/NLS-1-2024_hires-jpeg-1-300x200.jpg 300w, https:\/\/anvelonet.ro\/stiri\/wp-content\/uploads\/2024\/06\/NLS-1-2024_hires-jpeg-1-768x512.jpg 768w, https:\/\/anvelonet.ro\/stiri\/wp-content\/uploads\/2024\/06\/NLS-1-2024_hires-jpeg-1-1536x1024.jpg 1536w, https:\/\/anvelonet.ro\/stiri\/wp-content\/uploads\/2024\/06\/NLS-1-2024_hires-jpeg-1-2048x1365.jpg 2048w\" sizes=\"(max-width: 1024px) 100vw, 1024px\" \/><\/figure>\n<\/figure>\n\n\n\n<p>Sursa: Falken<\/p>\n\n\n\n<p>De\u0219i ma\u0219inile lui Tim Heinemann \u0219i Joel Eriksson nu au avut \u00een cele din urm\u0103 nicio \u0219ans\u0103 la o alt\u0103 victorie la general, au reu\u0219it s\u0103 se claseze pe a treia treapt\u0103 a podiumului. Coechipierii Martin Ragginger \u0219i Alessio Picariello, care au avut deja ghinion s\u00e2mb\u0103t\u0103, au avut, de asemenea, \u0219anse mari s\u0103 ob\u021bin\u0103 cel mai bun rezultat. Cu toate acestea, \u00een ultima or\u0103 a cursei, o pan\u0103 i-a \u00eempiedicat \u00een ob\u021binerea unui rezultat mai bun. Echipa a decis s\u0103 recheme Porsche prematur pentru a preveni daune majore.<\/p>\n\n\n\n<p>Dup\u0103 weekendul de deschidere al N\u00fcrburgring Endurance Series, Falken Motorsports este unul dintre favoritele din acest an. Cele dou\u0103 Porsche 911 GT3 R au fost \u00een fa\u021ba plutonului tot timpul, doar pentru a fi re\u021binute de implic\u0103ri \u00een coliziuni nefericite. Falken Motorsports revine la legendarul Nordschleife weekendul viitor pentru a c\u00e2\u0219tiga mai mult\u0103 experien\u021b\u0103. Dou\u0103 curse de patru ore vor fi din nou incluse \u00een cursele de calificare ADAC de 24 de ore \u00een preg\u0103tirea cursei ADAC Ravenol de 24 de ore ADAC Ravenol de 24 de ore de la N\u00fcrburgring (30 mai &#8211; 02 iunie).<\/p>\n\n\n\n<p>Anvelopele Falken se dovedesc nu numai pe pista de curse, ci \u0219i \u00een c\u0103l\u0103toriile zilnice.<\/p>\n\n\n\n<p><strong>Alege\u021bi din gama noastr\u0103 de anvelope de var\u0103 Falken.<\/strong><\/p>\n\n\n\n<p><\/p>\n\n\n\n<div class=\"wp-block-buttons is-content-justification-center is-layout-flex wp-container-core-buttons-is-layout-1 wp-block-buttons-is-layout-flex\">\n<div class=\"wp-block-button\"><a class=\"wp-block-button__link has-black-color has-text-color has-background has-link-color wp-element-button\" href=\"https:\/\/anvelonet.ro\/anvelopeauto\/anvelope-de-vara\/falken\" style=\"border-radius:0px;background-color:#fdd814\" target=\"_blank\" rel=\"noreferrer noopener\"><strong>Anvelope de var\u0103 F<\/strong>alken<\/a><\/div>\n<\/div>\n","protected":false},"excerpt":{"rendered":"<p>Falken a terminat pe podium \u00een a doua etap\u0103 a N\u00fcrburgring Endurance Series. La doar o zi dup\u0103 victoria general\u0103<\/p>\n","protected":false},"author":1,"featured_media":1240,"comment_status":"closed","ping_status":"closed","sticky":false,"template":"","format":"standard","meta":{"footnotes":""},"categories":[18,54],"tags":[],"yoast_head":"<!-- This site is optimized with the Yoast SEO plugin v16.9 - https:\/\/yoast.com\/wordpress\/plugins\/seo\/ -->\n<title>Din nou podium Falken la N\u00fcrburgring - Stiri<\/title>\n<meta name=\"description\" content=\"Falken a terminat pe podium \u00een a doua etap\u0103 a N\u00fcrburgring Endurance Series.\" \/>\n<meta name=\"robots\" content=\"index, follow, max-snippet:-1, max-image-preview:large, max-video-preview:-1\" \/>\n<link rel=\"canonical\" href=\"https:\/\/anvelonet.ro\/stiri\/din-nou-podium-falken-la-nurburgring\/\" \/>\n<meta property=\"og:locale\" content=\"ro_RO\" \/>\n<meta property=\"og:type\" content=\"article\" \/>\n<meta property=\"og:title\" content=\"Din nou podium Falken la N\u00fcrburgring - Stiri\" \/>\n<meta property=\"og:description\" content=\"Falken a terminat pe podium \u00een a doua etap\u0103 a N\u00fcrburgring Endurance Series.\" \/>\n<meta property=\"og:url\" content=\"https:\/\/anvelonet.ro\/stiri\/din-nou-podium-falken-la-nurburgring\/\" \/>\n<meta property=\"og:site_name\" content=\"Stiri\" \/>\n<meta property=\"article:published_time\" content=\"2024-06-26T14:10:30+00:00\" \/>\n<meta property=\"article:modified_time\" content=\"2024-06-26T14:10:32+00:00\" \/>\n<meta property=\"og:image\" content=\"https:\/\/anvelonet.ro\/stiri\/wp-content\/uploads\/2024\/06\/Falken-NLS-2024_kiemelt.jpg\" \/>\n\t<meta property=\"og:image:width\" content=\"1920\" \/>\n\t<meta property=\"og:image:height\" content=\"1080\" \/>\n<meta name=\"twitter:card\" content=\"summary_large_image\" \/>\n<meta name=\"twitter:label1\" content=\"Scris de\" \/>\n\t<meta name=\"twitter:data1\" content=\"marketing\" \/>\n\t<meta name=\"twitter:label2\" content=\"Timp estimat pentru citire\" \/>\n\t<meta name=\"twitter:data2\" content=\"2 minute\" \/>\n<script type=\"application\/ld+json\" class=\"yoast-schema-graph\">{\"@context\":\"https:\/\/schema.org\",\"@graph\":[{\"@type\":\"WebSite\",\"@id\":\"https:\/\/anvelonet.ro\/stiri\/#website\",\"url\":\"https:\/\/anvelonet.ro\/stiri\/\",\"name\":\"Stiri\",\"description\":\"powered by ANVELONET\",\"potentialAction\":[{\"@type\":\"SearchAction\",\"target\":{\"@type\":\"EntryPoint\",\"urlTemplate\":\"https:\/\/anvelonet.ro\/stiri\/?s={search_term_string}\"},\"query-input\":\"required name=search_term_string\"}],\"inLanguage\":\"ro-RO\"},{\"@type\":\"ImageObject\",\"@id\":\"https:\/\/anvelonet.ro\/stiri\/din-nou-podium-falken-la-nurburgring\/#primaryimage\",\"inLanguage\":\"ro-RO\",\"url\":\"https:\/\/anvelonet.ro\/stiri\/wp-content\/uploads\/2024\/06\/Falken-NLS-2024_kiemelt.jpg\",\"contentUrl\":\"https:\/\/anvelonet.ro\/stiri\/wp-content\/uploads\/2024\/06\/Falken-NLS-2024_kiemelt.jpg\",\"width\":1920,\"height\":1080},{\"@type\":\"WebPage\",\"@id\":\"https:\/\/anvelonet.ro\/stiri\/din-nou-podium-falken-la-nurburgring\/#webpage\",\"url\":\"https:\/\/anvelonet.ro\/stiri\/din-nou-podium-falken-la-nurburgring\/\",\"name\":\"Din nou podium Falken la N\\u00fcrburgring - Stiri\",\"isPartOf\":{\"@id\":\"https:\/\/anvelonet.ro\/stiri\/#website\"},\"primaryImageOfPage\":{\"@id\":\"https:\/\/anvelonet.ro\/stiri\/din-nou-podium-falken-la-nurburgring\/#primaryimage\"},\"datePublished\":\"2024-06-26T14:10:30+00:00\",\"dateModified\":\"2024-06-26T14:10:32+00:00\",\"author\":{\"@id\":\"https:\/\/anvelonet.ro\/stiri\/#\/schema\/person\/071d0d439a768c81d50a5cfa9be2ebc3\"},\"description\":\"Falken a terminat pe podium \\u00een a doua etap\\u0103 a N\\u00fcrburgring Endurance Series.\",\"breadcrumb\":{\"@id\":\"https:\/\/anvelonet.ro\/stiri\/din-nou-podium-falken-la-nurburgring\/#breadcrumb\"},\"inLanguage\":\"ro-RO\",\"potentialAction\":[{\"@type\":\"ReadAction\",\"target\":[\"https:\/\/anvelonet.ro\/stiri\/din-nou-podium-falken-la-nurburgring\/\"]}]},{\"@type\":\"BreadcrumbList\",\"@id\":\"https:\/\/anvelonet.ro\/stiri\/din-nou-podium-falken-la-nurburgring\/#breadcrumb\",\"itemListElement\":[{\"@type\":\"ListItem\",\"position\":1,\"name\":\"Home\",\"item\":\"https:\/\/anvelonet.ro\/stiri\/\"},{\"@type\":\"ListItem\",\"position\":2,\"name\":\"Din nou podium Falken la N\\u00fcrburgring\"}]},{\"@type\":\"Person\",\"@id\":\"https:\/\/anvelonet.ro\/stiri\/#\/schema\/person\/071d0d439a768c81d50a5cfa9be2ebc3\",\"name\":\"marketing\",\"image\":{\"@type\":\"ImageObject\",\"@id\":\"https:\/\/anvelonet.ro\/stiri\/#personlogo\",\"inLanguage\":\"ro-RO\",\"url\":\"https:\/\/secure.gravatar.com\/avatar\/6315a10387a0520c6625e1da4026915a?s=96&d=mm&r=g\",\"contentUrl\":\"https:\/\/secure.gravatar.com\/avatar\/6315a10387a0520c6625e1da4026915a?s=96&d=mm&r=g\",\"caption\":\"marketing\"},\"sameAs\":[\"https:\/\/anvelonet.ro\/stiri\"],\"url\":\"https:\/\/anvelonet.ro\/stiri\/author\/marketing\/\"}]}<\/script>\n<!-- \/ Yoast SEO plugin. -->","yoast_head_json":{"title":"Din nou podium Falken la N\u00fcrburgring - Stiri","description":"Falken a terminat pe podium \u00een a doua etap\u0103 a N\u00fcrburgring Endurance Series.","robots":{"index":"index","follow":"follow","max-snippet":"max-snippet:-1","max-image-preview":"max-image-preview:large","max-video-preview":"max-video-preview:-1"},"canonical":"https:\/\/anvelonet.ro\/stiri\/din-nou-podium-falken-la-nurburgring\/","og_locale":"ro_RO","og_type":"article","og_title":"Din nou podium Falken la N\u00fcrburgring - Stiri","og_description":"Falken a terminat pe podium \u00een a doua etap\u0103 a N\u00fcrburgring Endurance Series.","og_url":"https:\/\/anvelonet.ro\/stiri\/din-nou-podium-falken-la-nurburgring\/","og_site_name":"Stiri","article_published_time":"2024-06-26T14:10:30+00:00","article_modified_time":"2024-06-26T14:10:32+00:00","og_image":[{"width":1920,"height":1080,"filesize":593495,"url":"https:\/\/anvelonet.ro\/stiri\/wp-content\/uploads\/2024\/06\/Falken-NLS-2024_kiemelt.jpg","path":"\/var\/www\/gumi.hu\/wp_blogs\/stiri\/wp-content\/uploads\/2024\/06\/Falken-NLS-2024_kiemelt.jpg","size":"full","id":1240,"alt":"","pixels":2073600,"type":"image\/jpeg"}],"twitter_card":"summary_large_image","twitter_misc":{"Scris de":"marketing","Timp estimat pentru citire":"2 minute"},"schema":{"@context":"https:\/\/schema.org","@graph":[{"@type":"WebSite","@id":"https:\/\/anvelonet.ro\/stiri\/#website","url":"https:\/\/anvelonet.ro\/stiri\/","name":"Stiri","description":"powered by ANVELONET","potentialAction":[{"@type":"SearchAction","target":{"@type":"EntryPoint","urlTemplate":"https:\/\/anvelonet.ro\/stiri\/?s={search_term_string}"},"query-input":"required name=search_term_string"}],"inLanguage":"ro-RO"},{"@type":"ImageObject","@id":"https:\/\/anvelonet.ro\/stiri\/din-nou-podium-falken-la-nurburgring\/#primaryimage","inLanguage":"ro-RO","url":"https:\/\/anvelonet.ro\/stiri\/wp-content\/uploads\/2024\/06\/Falken-NLS-2024_kiemelt.jpg","contentUrl":"https:\/\/anvelonet.ro\/stiri\/wp-content\/uploads\/2024\/06\/Falken-NLS-2024_kiemelt.jpg","width":1920,"height":1080},{"@type":"WebPage","@id":"https:\/\/anvelonet.ro\/stiri\/din-nou-podium-falken-la-nurburgring\/#webpage","url":"https:\/\/anvelonet.ro\/stiri\/din-nou-podium-falken-la-nurburgring\/","name":"Din nou podium Falken la N\u00fcrburgring - Stiri","isPartOf":{"@id":"https:\/\/anvelonet.ro\/stiri\/#website"},"primaryImageOfPage":{"@id":"https:\/\/anvelonet.ro\/stiri\/din-nou-podium-falken-la-nurburgring\/#primaryimage"},"datePublished":"2024-06-26T14:10:30+00:00","dateModified":"2024-06-26T14:10:32+00:00","author":{"@id":"https:\/\/anvelonet.ro\/stiri\/#\/schema\/person\/071d0d439a768c81d50a5cfa9be2ebc3"},"description":"Falken a terminat pe podium \u00een a doua etap\u0103 a N\u00fcrburgring Endurance Series.","breadcrumb":{"@id":"https:\/\/anvelonet.ro\/stiri\/din-nou-podium-falken-la-nurburgring\/#breadcrumb"},"inLanguage":"ro-RO","potentialAction":[{"@type":"ReadAction","target":["https:\/\/anvelonet.ro\/stiri\/din-nou-podium-falken-la-nurburgring\/"]}]},{"@type":"BreadcrumbList","@id":"https:\/\/anvelonet.ro\/stiri\/din-nou-podium-falken-la-nurburgring\/#breadcrumb","itemListElement":[{"@type":"ListItem","position":1,"name":"Home","item":"https:\/\/anvelonet.ro\/stiri\/"},{"@type":"ListItem","position":2,"name":"Din nou podium Falken la N\u00fcrburgring"}]},{"@type":"Person","@id":"https:\/\/anvelonet.ro\/stiri\/#\/schema\/person\/071d0d439a768c81d50a5cfa9be2ebc3","name":"marketing","image":{"@type":"ImageObject","@id":"https:\/\/anvelonet.ro\/stiri\/#personlogo","inLanguage":"ro-RO","url":"https:\/\/secure.gravatar.com\/avatar\/6315a10387a0520c6625e1da4026915a?s=96&d=mm&r=g","contentUrl":"https:\/\/secure.gravatar.com\/avatar\/6315a10387a0520c6625e1da4026915a?s=96&d=mm&r=g","caption":"marketing"},"sameAs":["https:\/\/anvelonet.ro\/stiri"],"url":"https:\/\/anvelonet.ro\/stiri\/author\/marketing\/"}]}},"_links":{"self":[{"href":"https:\/\/anvelonet.ro\/stiri\/wp-json\/wp\/v2\/posts\/1238"}],"collection":[{"href":"https:\/\/anvelonet.ro\/stiri\/wp-json\/wp\/v2\/posts"}],"about":[{"href":"https:\/\/anvelonet.ro\/stiri\/wp-json\/wp\/v2\/types\/post"}],"author":[{"embeddable":true,"href":"https:\/\/anvelonet.ro\/stiri\/wp-json\/wp\/v2\/users\/1"}],"replies":[{"embeddable":true,"href":"https:\/\/anvelonet.ro\/stiri\/wp-json\/wp\/v2\/comments?post=1238"}],"version-history":[{"count":2,"href":"https:\/\/anvelonet.ro\/stiri\/wp-json\/wp\/v2\/posts\/1238\/revisions"}],"predecessor-version":[{"id":1244,"href":"https:\/\/anvelonet.ro\/stiri\/wp-json\/wp\/v2\/posts\/1238\/revisions\/1244"}],"wp:featuredmedia":[{"embeddable":true,"href":"https:\/\/anvelonet.ro\/stiri\/wp-json\/wp\/v2\/media\/1240"}],"wp:attachment":[{"href":"https:\/\/anvelonet.ro\/stiri\/wp-json\/wp\/v2\/media?parent=1238"}],"wp:term":[{"taxonomy":"category","embeddable":true,"href":"https:\/\/anvelonet.ro\/stiri\/wp-json\/wp\/v2\/categories?post=1238"},{"taxonomy":"post_tag","embeddable":true,"href":"https:\/\/anvelonet.ro\/stiri\/wp-json\/wp\/v2\/tags?post=1238"}],"curies":[{"name":"wp","href":"https:\/\/api.w.org\/{rel}","templated":true}]}}