{"id":1489,"date":"2025-07-16T08:30:00","date_gmt":"2025-07-16T08:30:00","guid":{"rendered":"https:\/\/anvelonet.ro\/stiri\/?p=1489"},"modified":"2025-07-07T14:17:21","modified_gmt":"2025-07-07T14:17:21","slug":"nexen-anvelope-porsche-cayenne-parteneriat","status":"publish","type":"post","link":"https:\/\/anvelonet.ro\/stiri\/nexen-anvelope-porsche-cayenne-parteneriat\/","title":{"rendered":"Porsche \u0219i Nexen: Colaborare mai str\u00e2ns\u0103 pentru noul Cayenne"},"content":{"rendered":"\n<p>Porsche \u00eent\u0103re\u0219te \u0219i mai mult parteneriatul s\u0103u cu produc\u0103torul sud-coreean de anvelope <a href=\"https:\/\/anvelonet.ro\/anvelope-auto\/nexen-tire\/\" target=\"_blank\" rel=\"noreferrer noopener\"><strong><mark style=\"background-color:rgba(0, 0, 0, 0)\" class=\"has-inline-color has-vivid-cyan-blue-color\">Nexen Tire<\/mark><\/strong><\/a>. Noile modele Porsche Cayenne din a treia genera\u021bie vor fi echipate de acum cu anvelope <a href=\"https:\/\/anvelonet.ro\/anvelopeauto\/anvelope-de-vara\/nexen\" target=\"_blank\" rel=\"noreferrer noopener\"><strong><mark style=\"background-color:rgba(0, 0, 0, 0)\" class=\"has-inline-color has-vivid-cyan-blue-color\">Nexen<\/mark><\/strong><\/a> N&#8217;Fera Sport SUV din categoria premium, oferind performan\u021be remarcabile \u00een toate condi\u021biile de condus. Vestea a fost confirmat\u0103 de renumitul portal de afaceri Business Korea.<\/p>\n\n\n\n<figure class=\"wp-block-image is-resized\"><img decoding=\"async\" src=\"https:\/\/gumi.hu\/blog\/wp-content\/uploads\/2024\/08\/Nexen-porche-blog-1024x576.png\" alt=\"\" class=\"wp-image-10900\" style=\"width:1140px;height:auto\"\/><\/figure>\n\n\n\n<p class=\"has-text-align-center\"><em>Surs\u0103:<\/em> <mark style=\"background-color:rgba(0, 0, 0, 0)\" class=\"has-inline-color has-black-color\"><em>https:\/\/newsroom.nexentire.com\/press-releases\/nexen-tire-premium-tires-selected-for-the-all-new-third-generation-porsche-cayenne\/s\/2c42a89b-067c-41ec-b530-5b0efd38989d<\/em><\/mark><\/p>\n\n\n\n<p>\u200bIstoria <a href=\"https:\/\/anvelonet.ro\/anvelope-auto\/nexen-tire\/\" target=\"_blank\" rel=\"noreferrer noopener\"><strong><mark style=\"background-color:rgba(0, 0, 0, 0)\" class=\"has-inline-color has-vivid-cyan-blue-color\">Nexen Tire<\/mark><\/strong><\/a> dateaz\u0103 din 1942, c\u00e2nd a fost fondat\u0103 ca Heung-A Tire Company. Compania produce anvelope radiale \u00een Coreea de Sud din 1985 \u0219i a adoptat numele s\u0103u actual \u00een 2000, care se refer\u0103 la motto-ul \u201eNext Century Tire\u201d. Prin inova\u021bia sa, compania a ob\u021binut \u00een 2005 protec\u021bia brevetului pentru anvelopele sale care con\u021bin componente de dimensiuni nano, care au crescut semnificativ cererea pentru produsele sale.<\/p>\n\n\n\n<p>\u200b\u00cen 2007, <a href=\"https:\/\/anvelonet.ro\/anvelopeauto\/anvelope-de-vara\/nexen\" target=\"_blank\" rel=\"noreferrer noopener\"><strong><mark style=\"background-color:rgba(0, 0, 0, 0)\" class=\"has-inline-color has-vivid-cyan-blue-color\">Nexen<\/mark><\/strong><\/a> a deschis o fabric\u0103 \u00een China pentru a satisface cererea \u00een cre\u0219tere, iar \u00een prezent export\u0103 anvelopele sale \u00een peste 120 de \u021b\u0103ri din \u00eentreaga lume. Fabricate la fabricile europene ale companiei, anvelopele N&#8217;Fera Sport SUV ofer\u0103 performan\u021be remarcabile, ideale pentru condusul de mare vitez\u0103 \u0219i \u00een siguran\u021b\u0103.<\/p>\n\n\n\n<p>Din 2016, Nexen furnizeaz\u0103 anvelope pentru Porsche, inclusiv pentru modelele Cayenne, Panamera \u0219i Macan, consolid\u00e2ndu-\u0219i \u0219i mai mult pozi\u021bia \u00een segmentul auto premium.<\/p>\n\n\n\n<p><em>\u200bSurs\u0103:<\/em> <a href=\"https:\/\/newsroom.nexentire.com\/press-releases\/nexen-tire-premium-tires-selected-for-the-all-new-third-generation-porsche-cayenne\/s\/2c42a89b-067c-41ec-b530-5b0efd38989d\" target=\"_blank\" rel=\"noreferrer noopener\"><strong><mark style=\"background-color:rgba(0, 0, 0, 0)\" class=\"has-inline-color has-vivid-cyan-blue-color\">https:\/\/newsroom.nexentire.com\/press-releases\/nexen-tire-premium-tires-selected-for-the-all-new-third-generation-porsche-cayenne\/s\/2c42a89b-067c-41ec-b530-5b0efd38989d<\/mark><\/strong><\/a><\/p>\n","protected":false},"excerpt":{"rendered":"<p>Porsche echipeaz\u0103 noile modele Cayenne cu anvelope premium Nexen N&#8217;Fera Sport SUV. Afl\u0103 detalii despre parteneriatul extins \u0219i performan\u021bele remarcabile ale acestor anvelope sud-coreene.<\/p>\n","protected":false},"author":1,"featured_media":1490,"comment_status":"closed","ping_status":"closed","sticky":false,"template":"","format":"standard","meta":{"footnotes":""},"categories":[62,44],"tags":[128,129],"yoast_head":"<!-- This site is optimized with the Yoast SEO plugin v16.9 - https:\/\/yoast.com\/wordpress\/plugins\/seo\/ -->\n<title>Porsche \u0219i Nexen: Colaborare mai str\u00e2ns\u0103 pentru noul Cayenne - Stiri<\/title>\n<meta name=\"description\" content=\"Porsche echipeaz\u0103 noile modele Cayenne cu anvelope premium Nexen N&#039;Fera Sport SUV. Afl\u0103 detalii despre parteneriatul extins \u0219i performan\u021bele remarcabile ale acestor anvelope sud-coreene.\" \/>\n<meta name=\"robots\" content=\"index, follow, max-snippet:-1, max-image-preview:large, max-video-preview:-1\" \/>\n<link rel=\"canonical\" href=\"https:\/\/anvelonet.ro\/stiri\/nexen-anvelope-porsche-cayenne-parteneriat\/\" \/>\n<meta property=\"og:locale\" content=\"ro_RO\" \/>\n<meta property=\"og:type\" content=\"article\" \/>\n<meta property=\"og:title\" content=\"Porsche \u0219i Nexen: Colaborare mai str\u00e2ns\u0103 pentru noul Cayenne - Stiri\" \/>\n<meta property=\"og:description\" content=\"Porsche echipeaz\u0103 noile modele Cayenne cu anvelope premium Nexen N&#039;Fera Sport SUV. Afl\u0103 detalii despre parteneriatul extins \u0219i performan\u021bele remarcabile ale acestor anvelope sud-coreene.\" \/>\n<meta property=\"og:url\" content=\"https:\/\/anvelonet.ro\/stiri\/nexen-anvelope-porsche-cayenne-parteneriat\/\" \/>\n<meta property=\"og:site_name\" content=\"Stiri\" \/>\n<meta property=\"article:published_time\" content=\"2025-07-16T08:30:00+00:00\" \/>\n<meta property=\"article:modified_time\" content=\"2025-07-07T14:17:21+00:00\" \/>\n<meta property=\"og:image\" content=\"https:\/\/anvelonet.ro\/stiri\/wp-content\/uploads\/2025\/07\/Nexen-porche-blog-1024x576-1.png\" \/>\n\t<meta property=\"og:image:width\" content=\"1024\" \/>\n\t<meta property=\"og:image:height\" content=\"576\" \/>\n<meta name=\"twitter:card\" content=\"summary_large_image\" \/>\n<meta name=\"twitter:label1\" content=\"Scris de\" \/>\n\t<meta name=\"twitter:data1\" content=\"marketing\" \/>\n\t<meta name=\"twitter:label2\" content=\"Timp estimat pentru citire\" \/>\n\t<meta name=\"twitter:data2\" content=\"1 minut\" \/>\n<script type=\"application\/ld+json\" class=\"yoast-schema-graph\">{\"@context\":\"https:\/\/schema.org\",\"@graph\":[{\"@type\":\"WebSite\",\"@id\":\"https:\/\/anvelonet.ro\/stiri\/#website\",\"url\":\"https:\/\/anvelonet.ro\/stiri\/\",\"name\":\"Stiri\",\"description\":\"powered by ANVELONET\",\"potentialAction\":[{\"@type\":\"SearchAction\",\"target\":{\"@type\":\"EntryPoint\",\"urlTemplate\":\"https:\/\/anvelonet.ro\/stiri\/?s={search_term_string}\"},\"query-input\":\"required name=search_term_string\"}],\"inLanguage\":\"ro-RO\"},{\"@type\":\"ImageObject\",\"@id\":\"https:\/\/anvelonet.ro\/stiri\/nexen-anvelope-porsche-cayenne-parteneriat\/#primaryimage\",\"inLanguage\":\"ro-RO\",\"url\":\"https:\/\/anvelonet.ro\/stiri\/wp-content\/uploads\/2025\/07\/Nexen-porche-blog-1024x576-1.png\",\"contentUrl\":\"https:\/\/anvelonet.ro\/stiri\/wp-content\/uploads\/2025\/07\/Nexen-porche-blog-1024x576-1.png\",\"width\":1024,\"height\":576},{\"@type\":\"WebPage\",\"@id\":\"https:\/\/anvelonet.ro\/stiri\/nexen-anvelope-porsche-cayenne-parteneriat\/#webpage\",\"url\":\"https:\/\/anvelonet.ro\/stiri\/nexen-anvelope-porsche-cayenne-parteneriat\/\",\"name\":\"Porsche \\u0219i Nexen: Colaborare mai str\\u00e2ns\\u0103 pentru noul Cayenne - Stiri\",\"isPartOf\":{\"@id\":\"https:\/\/anvelonet.ro\/stiri\/#website\"},\"primaryImageOfPage\":{\"@id\":\"https:\/\/anvelonet.ro\/stiri\/nexen-anvelope-porsche-cayenne-parteneriat\/#primaryimage\"},\"datePublished\":\"2025-07-16T08:30:00+00:00\",\"dateModified\":\"2025-07-07T14:17:21+00:00\",\"author\":{\"@id\":\"https:\/\/anvelonet.ro\/stiri\/#\/schema\/person\/071d0d439a768c81d50a5cfa9be2ebc3\"},\"description\":\"Porsche echipeaz\\u0103 noile modele Cayenne cu anvelope premium Nexen N'Fera Sport SUV. Afl\\u0103 detalii despre parteneriatul extins \\u0219i performan\\u021bele remarcabile ale acestor anvelope sud-coreene.\",\"breadcrumb\":{\"@id\":\"https:\/\/anvelonet.ro\/stiri\/nexen-anvelope-porsche-cayenne-parteneriat\/#breadcrumb\"},\"inLanguage\":\"ro-RO\",\"potentialAction\":[{\"@type\":\"ReadAction\",\"target\":[\"https:\/\/anvelonet.ro\/stiri\/nexen-anvelope-porsche-cayenne-parteneriat\/\"]}]},{\"@type\":\"BreadcrumbList\",\"@id\":\"https:\/\/anvelonet.ro\/stiri\/nexen-anvelope-porsche-cayenne-parteneriat\/#breadcrumb\",\"itemListElement\":[{\"@type\":\"ListItem\",\"position\":1,\"name\":\"Home\",\"item\":\"https:\/\/anvelonet.ro\/stiri\/\"},{\"@type\":\"ListItem\",\"position\":2,\"name\":\"Porsche \\u0219i Nexen: Colaborare mai str\\u00e2ns\\u0103 pentru noul Cayenne\"}]},{\"@type\":\"Person\",\"@id\":\"https:\/\/anvelonet.ro\/stiri\/#\/schema\/person\/071d0d439a768c81d50a5cfa9be2ebc3\",\"name\":\"marketing\",\"image\":{\"@type\":\"ImageObject\",\"@id\":\"https:\/\/anvelonet.ro\/stiri\/#personlogo\",\"inLanguage\":\"ro-RO\",\"url\":\"https:\/\/secure.gravatar.com\/avatar\/6315a10387a0520c6625e1da4026915a?s=96&d=mm&r=g\",\"contentUrl\":\"https:\/\/secure.gravatar.com\/avatar\/6315a10387a0520c6625e1da4026915a?s=96&d=mm&r=g\",\"caption\":\"marketing\"},\"sameAs\":[\"https:\/\/anvelonet.ro\/stiri\"],\"url\":\"https:\/\/anvelonet.ro\/stiri\/author\/marketing\/\"}]}<\/script>\n<!-- \/ Yoast SEO plugin. -->","yoast_head_json":{"title":"Porsche \u0219i Nexen: Colaborare mai str\u00e2ns\u0103 pentru noul Cayenne - Stiri","description":"Porsche echipeaz\u0103 noile modele Cayenne cu anvelope premium Nexen N'Fera Sport SUV. Afl\u0103 detalii despre parteneriatul extins \u0219i performan\u021bele remarcabile ale acestor anvelope sud-coreene.","robots":{"index":"index","follow":"follow","max-snippet":"max-snippet:-1","max-image-preview":"max-image-preview:large","max-video-preview":"max-video-preview:-1"},"canonical":"https:\/\/anvelonet.ro\/stiri\/nexen-anvelope-porsche-cayenne-parteneriat\/","og_locale":"ro_RO","og_type":"article","og_title":"Porsche \u0219i Nexen: Colaborare mai str\u00e2ns\u0103 pentru noul Cayenne - Stiri","og_description":"Porsche echipeaz\u0103 noile modele Cayenne cu anvelope premium Nexen N'Fera Sport SUV. Afl\u0103 detalii despre parteneriatul extins \u0219i performan\u021bele remarcabile ale acestor anvelope sud-coreene.","og_url":"https:\/\/anvelonet.ro\/stiri\/nexen-anvelope-porsche-cayenne-parteneriat\/","og_site_name":"Stiri","article_published_time":"2025-07-16T08:30:00+00:00","article_modified_time":"2025-07-07T14:17:21+00:00","og_image":[{"width":1024,"height":576,"filesize":587562,"url":"https:\/\/anvelonet.ro\/stiri\/wp-content\/uploads\/2025\/07\/Nexen-porche-blog-1024x576-1.png","path":"\/var\/www\/gumi.hu\/wp_blogs\/stiri\/wp-content\/uploads\/2025\/07\/Nexen-porche-blog-1024x576-1.png","size":"full","id":1490,"alt":"","pixels":589824,"type":"image\/png"}],"twitter_card":"summary_large_image","twitter_misc":{"Scris de":"marketing","Timp estimat pentru citire":"1 minut"},"schema":{"@context":"https:\/\/schema.org","@graph":[{"@type":"WebSite","@id":"https:\/\/anvelonet.ro\/stiri\/#website","url":"https:\/\/anvelonet.ro\/stiri\/","name":"Stiri","description":"powered by ANVELONET","potentialAction":[{"@type":"SearchAction","target":{"@type":"EntryPoint","urlTemplate":"https:\/\/anvelonet.ro\/stiri\/?s={search_term_string}"},"query-input":"required name=search_term_string"}],"inLanguage":"ro-RO"},{"@type":"ImageObject","@id":"https:\/\/anvelonet.ro\/stiri\/nexen-anvelope-porsche-cayenne-parteneriat\/#primaryimage","inLanguage":"ro-RO","url":"https:\/\/anvelonet.ro\/stiri\/wp-content\/uploads\/2025\/07\/Nexen-porche-blog-1024x576-1.png","contentUrl":"https:\/\/anvelonet.ro\/stiri\/wp-content\/uploads\/2025\/07\/Nexen-porche-blog-1024x576-1.png","width":1024,"height":576},{"@type":"WebPage","@id":"https:\/\/anvelonet.ro\/stiri\/nexen-anvelope-porsche-cayenne-parteneriat\/#webpage","url":"https:\/\/anvelonet.ro\/stiri\/nexen-anvelope-porsche-cayenne-parteneriat\/","name":"Porsche \u0219i Nexen: Colaborare mai str\u00e2ns\u0103 pentru noul Cayenne - Stiri","isPartOf":{"@id":"https:\/\/anvelonet.ro\/stiri\/#website"},"primaryImageOfPage":{"@id":"https:\/\/anvelonet.ro\/stiri\/nexen-anvelope-porsche-cayenne-parteneriat\/#primaryimage"},"datePublished":"2025-07-16T08:30:00+00:00","dateModified":"2025-07-07T14:17:21+00:00","author":{"@id":"https:\/\/anvelonet.ro\/stiri\/#\/schema\/person\/071d0d439a768c81d50a5cfa9be2ebc3"},"description":"Porsche echipeaz\u0103 noile modele Cayenne cu anvelope premium Nexen N'Fera Sport SUV. Afl\u0103 detalii despre parteneriatul extins \u0219i performan\u021bele remarcabile ale acestor anvelope sud-coreene.","breadcrumb":{"@id":"https:\/\/anvelonet.ro\/stiri\/nexen-anvelope-porsche-cayenne-parteneriat\/#breadcrumb"},"inLanguage":"ro-RO","potentialAction":[{"@type":"ReadAction","target":["https:\/\/anvelonet.ro\/stiri\/nexen-anvelope-porsche-cayenne-parteneriat\/"]}]},{"@type":"BreadcrumbList","@id":"https:\/\/anvelonet.ro\/stiri\/nexen-anvelope-porsche-cayenne-parteneriat\/#breadcrumb","itemListElement":[{"@type":"ListItem","position":1,"name":"Home","item":"https:\/\/anvelonet.ro\/stiri\/"},{"@type":"ListItem","position":2,"name":"Porsche \u0219i Nexen: Colaborare mai str\u00e2ns\u0103 pentru noul Cayenne"}]},{"@type":"Person","@id":"https:\/\/anvelonet.ro\/stiri\/#\/schema\/person\/071d0d439a768c81d50a5cfa9be2ebc3","name":"marketing","image":{"@type":"ImageObject","@id":"https:\/\/anvelonet.ro\/stiri\/#personlogo","inLanguage":"ro-RO","url":"https:\/\/secure.gravatar.com\/avatar\/6315a10387a0520c6625e1da4026915a?s=96&d=mm&r=g","contentUrl":"https:\/\/secure.gravatar.com\/avatar\/6315a10387a0520c6625e1da4026915a?s=96&d=mm&r=g","caption":"marketing"},"sameAs":["https:\/\/anvelonet.ro\/stiri"],"url":"https:\/\/anvelonet.ro\/stiri\/author\/marketing\/"}]}},"_links":{"self":[{"href":"https:\/\/anvelonet.ro\/stiri\/wp-json\/wp\/v2\/posts\/1489"}],"collection":[{"href":"https:\/\/anvelonet.ro\/stiri\/wp-json\/wp\/v2\/posts"}],"about":[{"href":"https:\/\/anvelonet.ro\/stiri\/wp-json\/wp\/v2\/types\/post"}],"author":[{"embeddable":true,"href":"https:\/\/anvelonet.ro\/stiri\/wp-json\/wp\/v2\/users\/1"}],"replies":[{"embeddable":true,"href":"https:\/\/anvelonet.ro\/stiri\/wp-json\/wp\/v2\/comments?post=1489"}],"version-history":[{"count":1,"href":"https:\/\/anvelonet.ro\/stiri\/wp-json\/wp\/v2\/posts\/1489\/revisions"}],"predecessor-version":[{"id":1491,"href":"https:\/\/anvelonet.ro\/stiri\/wp-json\/wp\/v2\/posts\/1489\/revisions\/1491"}],"wp:featuredmedia":[{"embeddable":true,"href":"https:\/\/anvelonet.ro\/stiri\/wp-json\/wp\/v2\/media\/1490"}],"wp:attachment":[{"href":"https:\/\/anvelonet.ro\/stiri\/wp-json\/wp\/v2\/media?parent=1489"}],"wp:term":[{"taxonomy":"category","embeddable":true,"href":"https:\/\/anvelonet.ro\/stiri\/wp-json\/wp\/v2\/categories?post=1489"},{"taxonomy":"post_tag","embeddable":true,"href":"https:\/\/anvelonet.ro\/stiri\/wp-json\/wp\/v2\/tags?post=1489"}],"curies":[{"name":"wp","href":"https:\/\/api.w.org\/{rel}","templated":true}]}}