{"id":1593,"date":"2025-08-13T08:00:00","date_gmt":"2025-08-13T08:00:00","guid":{"rendered":"https:\/\/anvelonet.ro\/stiri\/?p=1593"},"modified":"2025-07-14T14:07:46","modified_gmt":"2025-07-14T14:07:46","slug":"cum-se-curata-filtrul-de-particule-dpf-si-cand-trebuie-inlocuit","status":"publish","type":"post","link":"https:\/\/anvelonet.ro\/stiri\/cum-se-curata-filtrul-de-particule-dpf-si-cand-trebuie-inlocuit\/","title":{"rendered":"Cum se cur\u0103\u021b\u0103 filtrul de particule DPF \u0219i c\u00e2nd trebuie \u00eenlocuit?"},"content":{"rendered":"\n<figure class=\"wp-block-image is-resized\"><img decoding=\"async\" src=\"https:\/\/gumy.eu\/novinky\/wp-content\/uploads\/2025\/07\/gumy-eu-dpf-filter-1024x684.jpeg\" alt=\"\" class=\"wp-image-2427\" style=\"width:1140px;height:auto\"\/><figcaption class=\"wp-element-caption\"><em>Filtru DPF \u00eenfundat sub vehicul, cu urme vizibile de coroziune \u0219i funingine.<\/em><\/figcaption><\/figure>\n\n\n\n<p><strong>Dac\u0103 esti proprietarul unui autoturism diesel, ar trebui s\u0103 \u0219tii c\u00e2teva lucruri despre filtrul de particule DPF. Acesta \u00eendepline\u0219te un rol esen\u021bial \u00een captarea \u0219i eliminarea particulelor nocive de funingine care, altfel, ar ajunge \u00een atmosfer\u0103. \u0218tii cum se cur\u0103\u021b\u0103 acest filtru de particule \u0219i c\u00e2nd trebuie \u00eenlocuit?<\/strong><\/p>\n\n\n\n<p class=\"has-large-font-size\">\u200bCe este filtrul DPF?<\/p>\n\n\n\n<p>\u200bFiltrul DPF (Diesel Particulate Filter) este un <strong>filtru de particule<\/strong> solide aflat \u00een sistemul de evacuare al motoarelor diesel. Rolul s\u0103u este de a capta funinginea \u0219i alte particule solide care apar \u00een timpul arderii motorinei.<\/p>\n\n\n\n<p><strong>\u200bDe ce este important?<\/strong> Nu este esen\u021bial pentru func\u021bionarea direct\u0103 a vehiculului, dar este extrem de important pentru mediu.<\/p>\n\n\n\n<p>Filtrul reduce emisiile de particule fine d\u0103un\u0103toare at\u00e2t pentru aer, c\u00e2t \u0219i pentru s\u0103n\u0103tatea uman\u0103. De asemenea, este necesar pentru ca autovehiculele diesel s\u0103 respecte normele de emisii ale Uniunii Europene.<\/p>\n\n\n\n<p class=\"has-large-font-size\">\u200bCum func\u021bioneaz\u0103 filtrul DPF<\/p>\n\n\n\n<p>\u200bSistemul func\u021bioneaz\u0103 prin mai mul\u021bi pa\u0219i:<\/p>\n\n\n\n<ol>\n<li>\u200b\u00cen timpul mersului, filtrul capteaz\u0103 particulele solide din gazele de evacuare.<\/li>\n\n\n\n<li>\u200bC\u00e2nd se umple, \u00eencepe <strong>regenerarea <\/strong>\u2013 funinginea este ars\u0103 \u0219i transformat\u0103 \u00een cenu\u0219\u0103.<\/li>\n<\/ol>\n\n\n\n<p>\u200bTipuri de regenerare:<\/p>\n\n\n\n<ul>\n<li>\u200b<strong>Pasiv\u0103:<\/strong> Are loc automat, la temperaturi ridicate ale gazelor (de exemplu, pe autostrad\u0103).<\/li>\n\n\n\n<li><strong>Activ\u0103:<\/strong> Se porne\u0219te automat prin injectare suplimentar\u0103 de combustibil.<\/li>\n\n\n\n<li><strong>Adi\u021bional\u0103, realizat\u0103 \u00eentr-un service auto:<\/strong> regenerare for\u021bat\u0103 \u00een service, dac\u0103 celelalte metode nu func\u021bioneaz\u0103.<\/li>\n<\/ul>\n\n\n\n<p class=\"has-large-font-size\">\u200bC\u00e2nd trebuie \u00eenlocuit filtrul DPF<\/p>\n\n\n\n<p>Dac\u0103 filtrul este prea \u00eenc\u0103rcat cu funingine, <strong>nu se mai poate regenera eficient. <\/strong>Cel mai adesea, cauza este mersul frecvent pe distan\u021be scurte, c\u00e2nd motorul nu apuc\u0103 s\u0103 se \u00eenc\u0103lzeasc\u0103 suficient pentru regenerare.<\/p>\n\n\n\n<p>\u200bSemnele c\u0103 filtrul trebuie cur\u0103\u021bat sau schimbat:<\/p>\n\n\n\n<ul>\n<li><strong>Se aprinde martorul DPF sau motor<\/strong>.<\/li>\n\n\n\n<li>\u200bCre\u0219te <strong>consumul de combustibil<\/strong>.<\/li>\n<\/ul>\n\n\n\n<ul>\n<li>\u200b<strong>Motorul pierde din putere<\/strong> sau intr\u0103 \u00een mod de avarie.<\/li>\n<\/ul>\n\n\n\n<ul>\n<li>\u200bLa diagnoz\u0103, apare o <strong>presiune ridicat\u0103 \u00een sistemul de evacuare<\/strong>.<\/li>\n<\/ul>\n\n\n\n<p>\u200bDac\u0103 filtrul nu este deteriorat mecanic \u0219i nu \u0219i-a dep\u0103\u0219it durata de via\u021b\u0103 (150.000\u2013250.000 km), este suficient s\u0103 fie cur\u0103\u021bat profesional.<\/p>\n\n\n\n<figure class=\"wp-block-image is-resized\"><img decoding=\"async\" src=\"https:\/\/gumy.eu\/novinky\/wp-content\/uploads\/2025\/07\/gumy-eu-mechanic-1024x683.jpeg\" alt=\"\" class=\"wp-image-2428\" style=\"width:1140px;height:auto\"\/><figcaption class=\"wp-element-caption\"><em>Un mecanic auto lucreaz\u0103 sub un vehicul \u0219i demonteaz\u0103 un filtru DPF \u00eentr-o benzin\u0103rie.<\/em><\/figcaption><\/figure>\n\n\n\n<p class=\"has-large-font-size\">\u200bCum se face cur\u0103\u021barea filtrului DPF<\/p>\n\n\n\n<p>\u200bCur\u0103\u021barea profesional\u0103 se face \u00een service-uri specializate \u0219i poate fi <strong>chimic\u0103, termic\u0103, hidrodinamic\u0103, mecanic\u0103 sau cu ultrasunete<\/strong>. Scopul este de a repune filtrul \u00een func\u021biune f\u0103r\u0103 a fi nevoie de \u00eenlocuire (care este foarte costisitoare). Se elimin\u0103 inclusiv cenu\u0219a care nu arde \u00een timpul regener\u0103rii automate.<\/p>\n\n\n\n<p>\u200bPre\u021bul variaz\u0103 \u00eentre 150 \u0219i 300 de euro, \u00een func\u021bie de metod\u0103, tipul autoturismului \u0219i loca\u021bie. Cea mai recomandat\u0103 metod\u0103 este cur\u0103\u021barea hidrodinamic\u0103, care este mai eficient\u0103 \u0219i de durat\u0103 \u2013 elimin\u0103 funinginea \u0219i cenu\u0219a \u0219i reface p\u00e2n\u0103 la 98% din performan\u021ba filtrului.<\/p>\n\n\n\n<p class=\"has-large-font-size\">\u200bEtapele cur\u0103\u021b\u0103rii hidrodinamice:<\/p>\n\n\n\n<p class=\"has-large-font-size\">\u200b1. Demontarea filtrului<\/p>\n\n\n\n<p>Se scoate cu grij\u0103 din sistemul de evacuare.<\/p>\n\n\n\n<p class=\"has-large-font-size\">\u200b2. Diagnosticare<\/p>\n\n\n\n<p>Se face o verificare vizual\u0103 \u0219i una cu tester.<\/p>\n\n\n\n<p class=\"has-large-font-size\">\u200b3. Cur\u0103\u021bare<\/p>\n\n\n\n<p>Se folose\u0219te un aparat special cu ap\u0103, presiune \u0219i detergen\u021bi.<\/p>\n\n\n\n<p class=\"has-large-font-size\">\u200b4. Uscare<\/p>\n\n\n\n<p>Cu aer cald sau \u00eentr-o camer\u0103 de uscare.<\/p>\n\n\n\n<p class=\"has-large-font-size\">\u200b5. Verificare final\u0103<\/p>\n\n\n\n<p>Se m\u0103soar\u0103 presiunea \u0219i debitul pentru a confirma eficien\u021ba cur\u0103\u021b\u0103rii.<\/p>\n\n\n\n<p class=\"has-large-font-size\">\u200b6. Montaj<\/p>\n\n\n\n<p>Se reinstaleaz\u0103 filtrul \u0219i se face o verificare de func\u021bionare.<\/p>\n\n\n\n<p class=\"has-large-font-size\">\u200bConcluzie<\/p>\n\n\n\n<p><strong>\u00cengrijirea corect\u0103 a filtrului DPF<\/strong> te poate scuti de cheltuieli neprev\u0103zute. Este suficient s\u0103 conduci mai des pe distan\u021be mai lungi, s\u0103 permi\u021bi regenerarea complet\u0103 \u0219i s\u0103 folose\u0219ti combustibil \u0219i ulei de calitate.<\/p>\n\n\n\n<p>\u200b\u0218i nu uita: la fel cum ai grij\u0103 de motor \u0219i filtrul DPF, nu neglija nici <strong><a href=\"https:\/\/anvelonet.ro\/products\/search\/keyword?query=anvelope\" target=\"_blank\" rel=\"noreferrer noopener\"><mark style=\"background-color:#fcb900\" class=\"has-inline-color has-vivid-cyan-blue-color\">anvelopele<\/mark><\/a><\/strong> \u2013 ele sunt singurul punct de contact cu \u0219oseaua. Descoper\u0103 <a href=\"https:\/\/anvelonet.ro\/\" target=\"_blank\" rel=\"noreferrer noopener\"><strong><mark style=\"background-color:#fcb900\" class=\"has-inline-color\">gama noastr\u0103 de anvelope de marc\u0103<\/mark><\/strong><\/a> la pre\u021buri excelente \u0219i asigur\u0103-te c\u0103 conduci \u00een siguran\u021b\u0103, indiferent de vreme!<\/p>\n\n\n\n<div class=\"wp-block-buttons is-content-justification-center is-layout-flex wp-container-core-buttons-is-layout-1 wp-block-buttons-is-layout-flex\">\n<div class=\"wp-block-button\"><a class=\"wp-block-button__link has-black-color has-text-color has-background has-link-color wp-element-button\" href=\"https:\/\/anvelonet.ro\/atelier\" style=\"border-radius:0px;background-color:#fdd814\" target=\"_blank\" rel=\"noreferrer noopener\"><strong>Servicii<\/strong><\/a><\/div>\n<\/div>\n\n\n\n<p><a href=\"https:\/\/gumy.eu\/novinky\/cistenie-a-vymena-dpf-filtra\/\"><\/a><\/p>\n","protected":false},"excerpt":{"rendered":"<p>Afl\u0103 cum func\u021bioneaz\u0103 filtrul de particule DPF, cum se face cur\u0103\u021barea profesional\u0103 \u0219i c\u00e2nd este necesar\u0103 \u00eenlocuirea. Ghid complet pentru \u0219oferii de ma\u0219ini diesel.<\/p>\n","protected":false},"author":1,"featured_media":1595,"comment_status":"closed","ping_status":"closed","sticky":false,"template":"","format":"standard","meta":{"footnotes":""},"categories":[49,48],"tags":[171,170],"yoast_head":"<!-- This site is optimized with the Yoast SEO plugin v16.9 - https:\/\/yoast.com\/wordpress\/plugins\/seo\/ -->\n<title>Cum se cur\u0103\u021b\u0103 filtrul de particule DPF \u0219i c\u00e2nd trebuie \u00eenlocuit? - Stiri<\/title>\n<meta name=\"description\" content=\"Afl\u0103 cum func\u021bioneaz\u0103 filtrul de particule DPF, cum se face cur\u0103\u021barea profesional\u0103 \u0219i c\u00e2nd este necesar\u0103 \u00eenlocuirea. Ghid complet pentru \u0219oferii de ma\u0219ini diesel.\" \/>\n<meta name=\"robots\" content=\"index, follow, max-snippet:-1, max-image-preview:large, max-video-preview:-1\" \/>\n<link rel=\"canonical\" href=\"https:\/\/anvelonet.ro\/stiri\/cum-se-curata-filtrul-de-particule-dpf-si-cand-trebuie-inlocuit\/\" \/>\n<meta property=\"og:locale\" content=\"ro_RO\" \/>\n<meta property=\"og:type\" content=\"article\" \/>\n<meta property=\"og:title\" content=\"Cum se cur\u0103\u021b\u0103 filtrul de particule DPF \u0219i c\u00e2nd trebuie \u00eenlocuit? - Stiri\" \/>\n<meta property=\"og:description\" content=\"Afl\u0103 cum func\u021bioneaz\u0103 filtrul de particule DPF, cum se face cur\u0103\u021barea profesional\u0103 \u0219i c\u00e2nd este necesar\u0103 \u00eenlocuirea. Ghid complet pentru \u0219oferii de ma\u0219ini diesel.\" \/>\n<meta property=\"og:url\" content=\"https:\/\/anvelonet.ro\/stiri\/cum-se-curata-filtrul-de-particule-dpf-si-cand-trebuie-inlocuit\/\" \/>\n<meta property=\"og:site_name\" content=\"Stiri\" \/>\n<meta property=\"article:published_time\" content=\"2025-08-13T08:00:00+00:00\" \/>\n<meta property=\"article:modified_time\" content=\"2025-07-14T14:07:46+00:00\" \/>\n<meta property=\"og:image\" content=\"https:\/\/anvelonet.ro\/stiri\/wp-content\/uploads\/2025\/07\/gumy-eu-dpf-filter-1024x684-1.jpeg\" \/>\n\t<meta property=\"og:image:width\" content=\"1024\" \/>\n\t<meta property=\"og:image:height\" content=\"684\" \/>\n<meta name=\"twitter:card\" content=\"summary_large_image\" \/>\n<meta name=\"twitter:label1\" content=\"Scris de\" \/>\n\t<meta name=\"twitter:data1\" content=\"marketing\" \/>\n\t<meta name=\"twitter:label2\" content=\"Timp estimat pentru citire\" \/>\n\t<meta name=\"twitter:data2\" content=\"3 minute\" \/>\n<script type=\"application\/ld+json\" class=\"yoast-schema-graph\">{\"@context\":\"https:\/\/schema.org\",\"@graph\":[{\"@type\":\"WebSite\",\"@id\":\"https:\/\/anvelonet.ro\/stiri\/#website\",\"url\":\"https:\/\/anvelonet.ro\/stiri\/\",\"name\":\"Stiri\",\"description\":\"powered by ANVELONET\",\"potentialAction\":[{\"@type\":\"SearchAction\",\"target\":{\"@type\":\"EntryPoint\",\"urlTemplate\":\"https:\/\/anvelonet.ro\/stiri\/?s={search_term_string}\"},\"query-input\":\"required name=search_term_string\"}],\"inLanguage\":\"ro-RO\"},{\"@type\":\"ImageObject\",\"@id\":\"https:\/\/anvelonet.ro\/stiri\/cum-se-curata-filtrul-de-particule-dpf-si-cand-trebuie-inlocuit\/#primaryimage\",\"inLanguage\":\"ro-RO\",\"url\":\"https:\/\/anvelonet.ro\/stiri\/wp-content\/uploads\/2025\/07\/gumy-eu-dpf-filter-1024x684-1.jpeg\",\"contentUrl\":\"https:\/\/anvelonet.ro\/stiri\/wp-content\/uploads\/2025\/07\/gumy-eu-dpf-filter-1024x684-1.jpeg\",\"width\":1024,\"height\":684},{\"@type\":\"WebPage\",\"@id\":\"https:\/\/anvelonet.ro\/stiri\/cum-se-curata-filtrul-de-particule-dpf-si-cand-trebuie-inlocuit\/#webpage\",\"url\":\"https:\/\/anvelonet.ro\/stiri\/cum-se-curata-filtrul-de-particule-dpf-si-cand-trebuie-inlocuit\/\",\"name\":\"Cum se cur\\u0103\\u021b\\u0103 filtrul de particule DPF \\u0219i c\\u00e2nd trebuie \\u00eenlocuit? - Stiri\",\"isPartOf\":{\"@id\":\"https:\/\/anvelonet.ro\/stiri\/#website\"},\"primaryImageOfPage\":{\"@id\":\"https:\/\/anvelonet.ro\/stiri\/cum-se-curata-filtrul-de-particule-dpf-si-cand-trebuie-inlocuit\/#primaryimage\"},\"datePublished\":\"2025-08-13T08:00:00+00:00\",\"dateModified\":\"2025-07-14T14:07:46+00:00\",\"author\":{\"@id\":\"https:\/\/anvelonet.ro\/stiri\/#\/schema\/person\/071d0d439a768c81d50a5cfa9be2ebc3\"},\"description\":\"Afl\\u0103 cum func\\u021bioneaz\\u0103 filtrul de particule DPF, cum se face cur\\u0103\\u021barea profesional\\u0103 \\u0219i c\\u00e2nd este necesar\\u0103 \\u00eenlocuirea. Ghid complet pentru \\u0219oferii de ma\\u0219ini diesel.\",\"breadcrumb\":{\"@id\":\"https:\/\/anvelonet.ro\/stiri\/cum-se-curata-filtrul-de-particule-dpf-si-cand-trebuie-inlocuit\/#breadcrumb\"},\"inLanguage\":\"ro-RO\",\"potentialAction\":[{\"@type\":\"ReadAction\",\"target\":[\"https:\/\/anvelonet.ro\/stiri\/cum-se-curata-filtrul-de-particule-dpf-si-cand-trebuie-inlocuit\/\"]}]},{\"@type\":\"BreadcrumbList\",\"@id\":\"https:\/\/anvelonet.ro\/stiri\/cum-se-curata-filtrul-de-particule-dpf-si-cand-trebuie-inlocuit\/#breadcrumb\",\"itemListElement\":[{\"@type\":\"ListItem\",\"position\":1,\"name\":\"Home\",\"item\":\"https:\/\/anvelonet.ro\/stiri\/\"},{\"@type\":\"ListItem\",\"position\":2,\"name\":\"Cum se cur\\u0103\\u021b\\u0103 filtrul de particule DPF \\u0219i c\\u00e2nd trebuie \\u00eenlocuit?\"}]},{\"@type\":\"Person\",\"@id\":\"https:\/\/anvelonet.ro\/stiri\/#\/schema\/person\/071d0d439a768c81d50a5cfa9be2ebc3\",\"name\":\"marketing\",\"image\":{\"@type\":\"ImageObject\",\"@id\":\"https:\/\/anvelonet.ro\/stiri\/#personlogo\",\"inLanguage\":\"ro-RO\",\"url\":\"https:\/\/secure.gravatar.com\/avatar\/6315a10387a0520c6625e1da4026915a?s=96&d=mm&r=g\",\"contentUrl\":\"https:\/\/secure.gravatar.com\/avatar\/6315a10387a0520c6625e1da4026915a?s=96&d=mm&r=g\",\"caption\":\"marketing\"},\"sameAs\":[\"https:\/\/anvelonet.ro\/stiri\"],\"url\":\"https:\/\/anvelonet.ro\/stiri\/author\/marketing\/\"}]}<\/script>\n<!-- \/ Yoast SEO plugin. -->","yoast_head_json":{"title":"Cum se cur\u0103\u021b\u0103 filtrul de particule DPF \u0219i c\u00e2nd trebuie \u00eenlocuit? - Stiri","description":"Afl\u0103 cum func\u021bioneaz\u0103 filtrul de particule DPF, cum se face cur\u0103\u021barea profesional\u0103 \u0219i c\u00e2nd este necesar\u0103 \u00eenlocuirea. Ghid complet pentru \u0219oferii de ma\u0219ini diesel.","robots":{"index":"index","follow":"follow","max-snippet":"max-snippet:-1","max-image-preview":"max-image-preview:large","max-video-preview":"max-video-preview:-1"},"canonical":"https:\/\/anvelonet.ro\/stiri\/cum-se-curata-filtrul-de-particule-dpf-si-cand-trebuie-inlocuit\/","og_locale":"ro_RO","og_type":"article","og_title":"Cum se cur\u0103\u021b\u0103 filtrul de particule DPF \u0219i c\u00e2nd trebuie \u00eenlocuit? - Stiri","og_description":"Afl\u0103 cum func\u021bioneaz\u0103 filtrul de particule DPF, cum se face cur\u0103\u021barea profesional\u0103 \u0219i c\u00e2nd este necesar\u0103 \u00eenlocuirea. Ghid complet pentru \u0219oferii de ma\u0219ini diesel.","og_url":"https:\/\/anvelonet.ro\/stiri\/cum-se-curata-filtrul-de-particule-dpf-si-cand-trebuie-inlocuit\/","og_site_name":"Stiri","article_published_time":"2025-08-13T08:00:00+00:00","article_modified_time":"2025-07-14T14:07:46+00:00","og_image":[{"width":1024,"height":684,"filesize":183809,"url":"https:\/\/anvelonet.ro\/stiri\/wp-content\/uploads\/2025\/07\/gumy-eu-dpf-filter-1024x684-1.jpeg","path":"\/var\/www\/gumi.hu\/wp_blogs\/stiri\/wp-content\/uploads\/2025\/07\/gumy-eu-dpf-filter-1024x684-1.jpeg","size":"full","id":1595,"alt":"","pixels":700416,"type":"image\/jpeg"}],"twitter_card":"summary_large_image","twitter_misc":{"Scris de":"marketing","Timp estimat pentru citire":"3 minute"},"schema":{"@context":"https:\/\/schema.org","@graph":[{"@type":"WebSite","@id":"https:\/\/anvelonet.ro\/stiri\/#website","url":"https:\/\/anvelonet.ro\/stiri\/","name":"Stiri","description":"powered by ANVELONET","potentialAction":[{"@type":"SearchAction","target":{"@type":"EntryPoint","urlTemplate":"https:\/\/anvelonet.ro\/stiri\/?s={search_term_string}"},"query-input":"required name=search_term_string"}],"inLanguage":"ro-RO"},{"@type":"ImageObject","@id":"https:\/\/anvelonet.ro\/stiri\/cum-se-curata-filtrul-de-particule-dpf-si-cand-trebuie-inlocuit\/#primaryimage","inLanguage":"ro-RO","url":"https:\/\/anvelonet.ro\/stiri\/wp-content\/uploads\/2025\/07\/gumy-eu-dpf-filter-1024x684-1.jpeg","contentUrl":"https:\/\/anvelonet.ro\/stiri\/wp-content\/uploads\/2025\/07\/gumy-eu-dpf-filter-1024x684-1.jpeg","width":1024,"height":684},{"@type":"WebPage","@id":"https:\/\/anvelonet.ro\/stiri\/cum-se-curata-filtrul-de-particule-dpf-si-cand-trebuie-inlocuit\/#webpage","url":"https:\/\/anvelonet.ro\/stiri\/cum-se-curata-filtrul-de-particule-dpf-si-cand-trebuie-inlocuit\/","name":"Cum se cur\u0103\u021b\u0103 filtrul de particule DPF \u0219i c\u00e2nd trebuie \u00eenlocuit? - Stiri","isPartOf":{"@id":"https:\/\/anvelonet.ro\/stiri\/#website"},"primaryImageOfPage":{"@id":"https:\/\/anvelonet.ro\/stiri\/cum-se-curata-filtrul-de-particule-dpf-si-cand-trebuie-inlocuit\/#primaryimage"},"datePublished":"2025-08-13T08:00:00+00:00","dateModified":"2025-07-14T14:07:46+00:00","author":{"@id":"https:\/\/anvelonet.ro\/stiri\/#\/schema\/person\/071d0d439a768c81d50a5cfa9be2ebc3"},"description":"Afl\u0103 cum func\u021bioneaz\u0103 filtrul de particule DPF, cum se face cur\u0103\u021barea profesional\u0103 \u0219i c\u00e2nd este necesar\u0103 \u00eenlocuirea. Ghid complet pentru \u0219oferii de ma\u0219ini diesel.","breadcrumb":{"@id":"https:\/\/anvelonet.ro\/stiri\/cum-se-curata-filtrul-de-particule-dpf-si-cand-trebuie-inlocuit\/#breadcrumb"},"inLanguage":"ro-RO","potentialAction":[{"@type":"ReadAction","target":["https:\/\/anvelonet.ro\/stiri\/cum-se-curata-filtrul-de-particule-dpf-si-cand-trebuie-inlocuit\/"]}]},{"@type":"BreadcrumbList","@id":"https:\/\/anvelonet.ro\/stiri\/cum-se-curata-filtrul-de-particule-dpf-si-cand-trebuie-inlocuit\/#breadcrumb","itemListElement":[{"@type":"ListItem","position":1,"name":"Home","item":"https:\/\/anvelonet.ro\/stiri\/"},{"@type":"ListItem","position":2,"name":"Cum se cur\u0103\u021b\u0103 filtrul de particule DPF \u0219i c\u00e2nd trebuie \u00eenlocuit?"}]},{"@type":"Person","@id":"https:\/\/anvelonet.ro\/stiri\/#\/schema\/person\/071d0d439a768c81d50a5cfa9be2ebc3","name":"marketing","image":{"@type":"ImageObject","@id":"https:\/\/anvelonet.ro\/stiri\/#personlogo","inLanguage":"ro-RO","url":"https:\/\/secure.gravatar.com\/avatar\/6315a10387a0520c6625e1da4026915a?s=96&d=mm&r=g","contentUrl":"https:\/\/secure.gravatar.com\/avatar\/6315a10387a0520c6625e1da4026915a?s=96&d=mm&r=g","caption":"marketing"},"sameAs":["https:\/\/anvelonet.ro\/stiri"],"url":"https:\/\/anvelonet.ro\/stiri\/author\/marketing\/"}]}},"_links":{"self":[{"href":"https:\/\/anvelonet.ro\/stiri\/wp-json\/wp\/v2\/posts\/1593"}],"collection":[{"href":"https:\/\/anvelonet.ro\/stiri\/wp-json\/wp\/v2\/posts"}],"about":[{"href":"https:\/\/anvelonet.ro\/stiri\/wp-json\/wp\/v2\/types\/post"}],"author":[{"embeddable":true,"href":"https:\/\/anvelonet.ro\/stiri\/wp-json\/wp\/v2\/users\/1"}],"replies":[{"embeddable":true,"href":"https:\/\/anvelonet.ro\/stiri\/wp-json\/wp\/v2\/comments?post=1593"}],"version-history":[{"count":6,"href":"https:\/\/anvelonet.ro\/stiri\/wp-json\/wp\/v2\/posts\/1593\/revisions"}],"predecessor-version":[{"id":1631,"href":"https:\/\/anvelonet.ro\/stiri\/wp-json\/wp\/v2\/posts\/1593\/revisions\/1631"}],"wp:featuredmedia":[{"embeddable":true,"href":"https:\/\/anvelonet.ro\/stiri\/wp-json\/wp\/v2\/media\/1595"}],"wp:attachment":[{"href":"https:\/\/anvelonet.ro\/stiri\/wp-json\/wp\/v2\/media?parent=1593"}],"wp:term":[{"taxonomy":"category","embeddable":true,"href":"https:\/\/anvelonet.ro\/stiri\/wp-json\/wp\/v2\/categories?post=1593"},{"taxonomy":"post_tag","embeddable":true,"href":"https:\/\/anvelonet.ro\/stiri\/wp-json\/wp\/v2\/tags?post=1593"}],"curies":[{"name":"wp","href":"https:\/\/api.w.org\/{rel}","templated":true}]}}