{"id":351,"date":"2022-02-03T13:21:54","date_gmt":"2022-02-03T13:21:54","guid":{"rendered":"https:\/\/anvelonet.ro\/stiri\/?p=351"},"modified":"2022-02-03T13:24:41","modified_gmt":"2022-02-03T13:24:41","slug":"150-de-ani-de-la-nasterea-lui-pirelli","status":"publish","type":"post","link":"https:\/\/anvelonet.ro\/stiri\/150-de-ani-de-la-nasterea-lui-pirelli\/","title":{"rendered":"Pirelli s\u0103rb\u0103tore\u0219te cea de-a 150-a aniversare"},"content":{"rendered":"\n<div class=\"wp-block-image\"><figure class=\"aligncenter size-large is-resized\"><img loading=\"lazy\" decoding=\"async\" src=\"https:\/\/anvelonet.ro\/stiri\/wp-content\/uploads\/2022\/02\/Pirelli150-1024x512.png\" alt=\"\" class=\"wp-image-355\" width=\"256\" height=\"128\" srcset=\"https:\/\/anvelonet.ro\/stiri\/wp-content\/uploads\/2022\/02\/Pirelli150-1024x512.png 1024w, https:\/\/anvelonet.ro\/stiri\/wp-content\/uploads\/2022\/02\/Pirelli150-300x150.png 300w, https:\/\/anvelonet.ro\/stiri\/wp-content\/uploads\/2022\/02\/Pirelli150-768x384.png 768w, https:\/\/anvelonet.ro\/stiri\/wp-content\/uploads\/2022\/02\/Pirelli150-696x348.png 696w, https:\/\/anvelonet.ro\/stiri\/wp-content\/uploads\/2022\/02\/Pirelli150-1068x534.png 1068w, https:\/\/anvelonet.ro\/stiri\/wp-content\/uploads\/2022\/02\/Pirelli150-840x420.png 840w, https:\/\/anvelonet.ro\/stiri\/wp-content\/uploads\/2022\/02\/Pirelli150.png 1200w\" sizes=\"(max-width: 256px) 100vw, 256px\" \/><\/figure><\/div>\n\n\n\n<p>O num\u0103r\u0103toare invers\u0103 la nivel mondial \u00eencepe de ziua lui\u00a0<strong><a href=\"https:\/\/anvelonet.ro\/cautaredupadimensiune\/toate\/toate\/toate\/anvelopadevara\/pirelli\" target=\"_blank\" rel=\"noreferrer noopener\">Pirelli<\/a><\/strong>.\u00a0<strong><a href=\"https:\/\/www.pirelli.com\/global\/it-it\/150-anni\/\" target=\"_blank\" rel=\"noreferrer noopener\">Pirelli contribuie la celebrarea a 150 de ani de<\/a><\/strong>\u00a0istorie corporativ\u0103\u00a0cu nenum\u0103rate lucruri precum timbre, piese de teatru, diverse reclame.\u00a0Toate acestea afecteaz\u0103 multe domenii ale m\u0103rcii, de la F1, curse de raliuri, Superbike, ciclism profesionist, campionate de schi p\u00e2n\u0103 la evenimente de fotbal, \u00een care Pirelli joac\u0103 un rol important de partener \u0219i de sponsorizare.<\/p>\n\n\n\n<p>Promo\u021bii \u0219i apari\u021bii cu ocazia \u00eemplinirii a 150 de ani a lui Pirelli:<\/p>\n\n\n\n<ul><li>apari\u021bia la evenimente sportive<\/li><li>num\u0103r\u0103toare invers\u0103 la nivel mondial<\/li><li>spectacol pe scena Teatrului Piccolo<\/li><li>film publicitar<\/li><li>site web &#8211; aspect digital &#8211;\u00a0<strong><a href=\"https:\/\/www.pirelli.com\/global\/it-it\/150-anni\/\">https:\/\/www.pirelli.com\/global\/it-it\/150-anni\/<\/a><\/strong><\/li><li>roman grafic<\/li><li>Num\u0103rul special al revistei Word<\/li><li>timbre \u0219i monede<\/li><li>podcastok<\/li><li>alte activit\u0103\u021bi<\/li><\/ul>\n\n\n\n<figure class=\"wp-block-embed is-type-video is-provider-youtube wp-block-embed-youtube wp-embed-aspect-16-9 wp-has-aspect-ratio\"><div class=\"wp-block-embed__wrapper\">\n<iframe loading=\"lazy\" title=\"Pirelli 150 anni Evento\" width=\"800\" height=\"450\" src=\"https:\/\/www.youtube.com\/embed\/odl7kLUYWjE?feature=oembed\" frameborder=\"0\" allow=\"accelerometer; autoplay; clipboard-write; encrypted-media; gyroscope; picture-in-picture; web-share\" allowfullscreen><\/iframe>\n<\/div><figcaption>spectacol pe scena Teatrului Piccolo<\/figcaption><\/figure>\n\n\n\n<p>S\u0103rb\u0103torile au \u00eenceput \u00een stil pe scena Teatrului Piccolo din Milano cu un spectacol care a reunit relat\u0103ri, sunete \u0219i imagini ale numeroaselor decenii de istorie a industriei, costumelor, tehnologiei \u0219i voca\u021biei.&nbsp;Spectacolul a fost anun\u021bat, urmat de o num\u0103r\u0103toare invers\u0103 la nivel mondial \u0219i de trei evenimente sportive care au avut loc \u00een weekendul dinaintea festivit\u0103\u021bilor.<\/p>\n\n\n\n<h2 class=\"wp-block-heading\">Evenimente sportive<\/h2>\n\n\n\n<p>Ma\u0219ina care a f\u0103cut runda de deschidere a primului eveniment al sezonului WRC, Raliul Monte Carlo, a fost \u00een culorile celei de-a 150 de ani de la Pirelli.&nbsp;Pilotul Pirelli Motorsport Mario Isola \u0219i fostul campion mondial de raliuri Petter Solberg au c\u0103l\u0103torit cu Kimera Evo37.&nbsp;Sigla anivers\u0103rii a 150 de ani a ap\u0103rut pe Stadionul San Siro la meciul de fotbal Inter Milano-Venezia, precum \u0219i la P\u00e2rtiile Mondiale de schi.&nbsp;Cursele de Downhill \u0219i Super G au fost c\u00e2\u0219tigate de dou\u0103 atlete italiene, Sofia Goggia \u0219i Elena Curtoni, ambele sponsorizate de Pirelli.&nbsp;S\u0103rb\u0103toarea continu\u0103 pe tot parcursul anului prin sponsorizarea Pirelli.<\/p>\n\n\n\n<h2 class=\"wp-block-heading\">Num\u0103r\u0103toarea invers\u0103 global\u0103<\/h2>\n\n\n\n<p>Spectacolul Piccolo Teatro a fost anun\u021bat pentru o num\u0103r\u0103toare invers\u0103 interna\u021bional\u0103 care a \u00eenceput pe 24 ianuarie la Rio de Janeiro.&nbsp;\u00cen zilele care au urmat, a continuat cu o anima\u021bie 3D care a iluminat la 180 de metri de Turnul CITI din Shanghai \u0219i Turnul Nasdaq din Times Square.&nbsp;Apoi num\u0103r\u0103toarea invers\u0103 se \u00eencheie cu o proiec\u021bie a Palazzo Venezia \u00een Piazza Cordusio din Milano.<\/p>\n\n\n\n<h2 class=\"wp-block-heading\">Film publicitar<\/h2>\n\n\n\n<p>Pentru a s\u0103rb\u0103tori cea de-a 150-a aniversare a companiei Pirelli, o nou\u0103 campanie publicitar\u0103 a fost difuzat\u0103 \u00een orele de maxim\u0103 audien\u021b\u0103 la televiziunile italiene importante, precum \u0219i pe re\u021belele tip\u0103rite, digitale \u0219i sociale.\u00a0Povestea vizionar\u0103 \u0219i metaforic\u0103 ofer\u0103 o nou\u0103 abordare a premiului \u201ePutere f\u0103r\u0103 control\u201d.\u00a0Acesta invit\u0103 telespectatorii s\u0103 se g\u00e2ndeasc\u0103 la dou\u0103 concepte complementare, dar contradictorii.<\/p>\n\n\n\n<figure class=\"wp-block-embed is-type-video is-provider-youtube wp-block-embed-youtube wp-embed-aspect-16-9 wp-has-aspect-ratio\"><div class=\"wp-block-embed__wrapper\">\n<iframe loading=\"lazy\" title=\"Pirelli 150 anni\" width=\"800\" height=\"450\" src=\"https:\/\/www.youtube.com\/embed\/CMTF-NBh_n4?feature=oembed\" frameborder=\"0\" allow=\"accelerometer; autoplay; clipboard-write; encrypted-media; gyroscope; picture-in-picture; web-share\" allowfullscreen><\/iframe>\n<\/div><\/figure>\n\n\n\n<p>Tehnologia \u0219i re\u021belele sociale au pus puterea \u00een m\u00e2inile multor oameni, dar poate disp\u0103rea \u0219i se poate transforma \u00eentr-un haos \u00eentr-o clip\u0103.\u00a0Trebuie s\u0103 fim mai con\u0219tien\u021bi ca niciodat\u0103 c\u0103 puterea are nevoie de control \u00een via\u021ba de zi cu zi \u0219i pe ambele drumuri.\u00a0Reclam\u0103 regizat\u0103 de Barcelona, \u200b\u200bregizat de Manson \u0219i produs\u0103 creativ de M&amp;C Saatchi, este programat\u0103 s\u0103 apar\u0103 pe canalele digitale din \u00eentreaga lume.<\/p>\n\n\n\n<p><\/p>\n\n\n\n<p>Cump\u0103rarea unei anvelope Face\u021bi mai u\u0219or cump\u0103rarea \u0219i \u00eenlocuirea anvelopelor. Alege magazinul online <strong><a href=\"https:\/\/www.anvelonet.ro\/\" target=\"_blank\" rel=\"noreferrer noopener\">anvelonet.ro<\/a><\/strong>!<\/p>\n\n\n\n<div class=\"wp-block-buttons is-content-justification-center is-layout-flex wp-block-buttons-is-layout-flex\">\n<div class=\"wp-block-button\"><a class=\"wp-block-button__link has-text-color has-background\" href=\"https:\/\/anvelonet.ro\/cautaredupadimensiune\/toate\/toate\/toate\/anvelopadevara\/pirelli\" style=\"background-color:#fdd814;color:#333333\" target=\"_blank\" rel=\"noreferrer noopener\"><strong>Anvelope de var\u0103<\/strong> Pirelli<\/a><\/div>\n<\/div>\n","protected":false},"excerpt":{"rendered":"<p>O num\u0103r\u0103toare invers\u0103 la nivel mondial \u00eencepe de ziua lui\u00a0Pirelli.\u00a0Pirelli contribuie la celebrarea a 150 de ani de\u00a0istorie corporativ\u0103\u00a0cu nenum\u0103rate<\/p>\n","protected":false},"author":1,"featured_media":352,"comment_status":"closed","ping_status":"closed","sticky":false,"template":"","format":"standard","meta":{"footnotes":""},"categories":[20],"tags":[34],"yoast_head":"<!-- This site is optimized with the Yoast SEO plugin v16.9 - https:\/\/yoast.com\/wordpress\/plugins\/seo\/ -->\n<title>Pirelli s\u0103rb\u0103tore\u0219te cea de-a 150-a aniversare - Stiri<\/title>\n<meta name=\"description\" content=\"Pirelli contribuie la celebrarea a 150 de ani de\u00a0istorie corporativ\u0103\u00a0cu nenum\u0103rate lucruri precum timbre, piese de teatru, diverse reclame\" \/>\n<meta name=\"robots\" content=\"index, follow, max-snippet:-1, max-image-preview:large, max-video-preview:-1\" \/>\n<link rel=\"canonical\" href=\"https:\/\/anvelonet.ro\/stiri\/150-de-ani-de-la-nasterea-lui-pirelli\/\" \/>\n<meta property=\"og:locale\" content=\"ro_RO\" \/>\n<meta property=\"og:type\" content=\"article\" \/>\n<meta property=\"og:title\" content=\"Pirelli s\u0103rb\u0103tore\u0219te cea de-a 150-a aniversare - Stiri\" \/>\n<meta property=\"og:description\" content=\"Pirelli contribuie la celebrarea a 150 de ani de\u00a0istorie corporativ\u0103\u00a0cu nenum\u0103rate lucruri precum timbre, piese de teatru, diverse reclame\" \/>\n<meta property=\"og:url\" content=\"https:\/\/anvelonet.ro\/stiri\/150-de-ani-de-la-nasterea-lui-pirelli\/\" \/>\n<meta property=\"og:site_name\" content=\"Stiri\" \/>\n<meta property=\"article:published_time\" content=\"2022-02-03T13:21:54+00:00\" \/>\n<meta property=\"article:modified_time\" content=\"2022-02-03T13:24:41+00:00\" \/>\n<meta property=\"og:image\" content=\"https:\/\/anvelonet.ro\/stiri\/wp-content\/uploads\/2022\/02\/32012_LIFE-VISORE-INTERNO-PIRELLI-CELEBRA-I-SUOI-150-ANNI-1910X620CRM.jpg\" \/>\n\t<meta property=\"og:image:width\" content=\"510\" \/>\n\t<meta property=\"og:image:height\" content=\"292\" \/>\n<meta name=\"twitter:card\" content=\"summary_large_image\" \/>\n<meta name=\"twitter:label1\" content=\"Scris de\" \/>\n\t<meta name=\"twitter:data1\" content=\"marketing\" \/>\n\t<meta name=\"twitter:label2\" content=\"Timp estimat pentru citire\" \/>\n\t<meta name=\"twitter:data2\" content=\"3 minute\" \/>\n<script type=\"application\/ld+json\" class=\"yoast-schema-graph\">{\"@context\":\"https:\/\/schema.org\",\"@graph\":[{\"@type\":\"WebSite\",\"@id\":\"https:\/\/anvelonet.ro\/stiri\/#website\",\"url\":\"https:\/\/anvelonet.ro\/stiri\/\",\"name\":\"Stiri\",\"description\":\"powered by ANVELONET\",\"potentialAction\":[{\"@type\":\"SearchAction\",\"target\":{\"@type\":\"EntryPoint\",\"urlTemplate\":\"https:\/\/anvelonet.ro\/stiri\/?s={search_term_string}\"},\"query-input\":\"required name=search_term_string\"}],\"inLanguage\":\"ro-RO\"},{\"@type\":\"ImageObject\",\"@id\":\"https:\/\/anvelonet.ro\/stiri\/150-de-ani-de-la-nasterea-lui-pirelli\/#primaryimage\",\"inLanguage\":\"ro-RO\",\"url\":\"https:\/\/anvelonet.ro\/stiri\/wp-content\/uploads\/2022\/02\/32012_LIFE-VISORE-INTERNO-PIRELLI-CELEBRA-I-SUOI-150-ANNI-1910X620CRM.jpg\",\"contentUrl\":\"https:\/\/anvelonet.ro\/stiri\/wp-content\/uploads\/2022\/02\/32012_LIFE-VISORE-INTERNO-PIRELLI-CELEBRA-I-SUOI-150-ANNI-1910X620CRM.jpg\",\"width\":510,\"height\":292,\"caption\":\"150-de-ani-de-la-na\\u0219terea-lui-Pirelli\"},{\"@type\":\"WebPage\",\"@id\":\"https:\/\/anvelonet.ro\/stiri\/150-de-ani-de-la-nasterea-lui-pirelli\/#webpage\",\"url\":\"https:\/\/anvelonet.ro\/stiri\/150-de-ani-de-la-nasterea-lui-pirelli\/\",\"name\":\"Pirelli s\\u0103rb\\u0103tore\\u0219te cea de-a 150-a aniversare - Stiri\",\"isPartOf\":{\"@id\":\"https:\/\/anvelonet.ro\/stiri\/#website\"},\"primaryImageOfPage\":{\"@id\":\"https:\/\/anvelonet.ro\/stiri\/150-de-ani-de-la-nasterea-lui-pirelli\/#primaryimage\"},\"datePublished\":\"2022-02-03T13:21:54+00:00\",\"dateModified\":\"2022-02-03T13:24:41+00:00\",\"author\":{\"@id\":\"https:\/\/anvelonet.ro\/stiri\/#\/schema\/person\/071d0d439a768c81d50a5cfa9be2ebc3\"},\"description\":\"Pirelli contribuie la celebrarea a 150 de ani de\\u00a0istorie corporativ\\u0103\\u00a0cu nenum\\u0103rate lucruri precum timbre, piese de teatru, diverse reclame\",\"breadcrumb\":{\"@id\":\"https:\/\/anvelonet.ro\/stiri\/150-de-ani-de-la-nasterea-lui-pirelli\/#breadcrumb\"},\"inLanguage\":\"ro-RO\",\"potentialAction\":[{\"@type\":\"ReadAction\",\"target\":[\"https:\/\/anvelonet.ro\/stiri\/150-de-ani-de-la-nasterea-lui-pirelli\/\"]}]},{\"@type\":\"BreadcrumbList\",\"@id\":\"https:\/\/anvelonet.ro\/stiri\/150-de-ani-de-la-nasterea-lui-pirelli\/#breadcrumb\",\"itemListElement\":[{\"@type\":\"ListItem\",\"position\":1,\"name\":\"Home\",\"item\":\"https:\/\/anvelonet.ro\/stiri\/\"},{\"@type\":\"ListItem\",\"position\":2,\"name\":\"Pirelli s\\u0103rb\\u0103tore\\u0219te cea de-a 150-a aniversare\"}]},{\"@type\":\"Person\",\"@id\":\"https:\/\/anvelonet.ro\/stiri\/#\/schema\/person\/071d0d439a768c81d50a5cfa9be2ebc3\",\"name\":\"marketing\",\"image\":{\"@type\":\"ImageObject\",\"@id\":\"https:\/\/anvelonet.ro\/stiri\/#personlogo\",\"inLanguage\":\"ro-RO\",\"url\":\"https:\/\/secure.gravatar.com\/avatar\/6315a10387a0520c6625e1da4026915a?s=96&d=mm&r=g\",\"contentUrl\":\"https:\/\/secure.gravatar.com\/avatar\/6315a10387a0520c6625e1da4026915a?s=96&d=mm&r=g\",\"caption\":\"marketing\"},\"sameAs\":[\"https:\/\/anvelonet.ro\/stiri\"],\"url\":\"https:\/\/anvelonet.ro\/stiri\/author\/marketing\/\"}]}<\/script>\n<!-- \/ Yoast SEO plugin. -->","yoast_head_json":{"title":"Pirelli s\u0103rb\u0103tore\u0219te cea de-a 150-a aniversare - Stiri","description":"Pirelli contribuie la celebrarea a 150 de ani de\u00a0istorie corporativ\u0103\u00a0cu nenum\u0103rate lucruri precum timbre, piese de teatru, diverse reclame","robots":{"index":"index","follow":"follow","max-snippet":"max-snippet:-1","max-image-preview":"max-image-preview:large","max-video-preview":"max-video-preview:-1"},"canonical":"https:\/\/anvelonet.ro\/stiri\/150-de-ani-de-la-nasterea-lui-pirelli\/","og_locale":"ro_RO","og_type":"article","og_title":"Pirelli s\u0103rb\u0103tore\u0219te cea de-a 150-a aniversare - Stiri","og_description":"Pirelli contribuie la celebrarea a 150 de ani de\u00a0istorie corporativ\u0103\u00a0cu nenum\u0103rate lucruri precum timbre, piese de teatru, diverse reclame","og_url":"https:\/\/anvelonet.ro\/stiri\/150-de-ani-de-la-nasterea-lui-pirelli\/","og_site_name":"Stiri","article_published_time":"2022-02-03T13:21:54+00:00","article_modified_time":"2022-02-03T13:24:41+00:00","og_image":[{"width":510,"height":292,"url":"https:\/\/anvelonet.ro\/stiri\/wp-content\/uploads\/2022\/02\/32012_LIFE-VISORE-INTERNO-PIRELLI-CELEBRA-I-SUOI-150-ANNI-1910X620CRM.jpg","path":"\/var\/www\/gumi.hu\/2019\/www\/stiri\/wp-content\/uploads\/2022\/02\/32012_LIFE-VISORE-INTERNO-PIRELLI-CELEBRA-I-SUOI-150-ANNI-1910X620CRM.jpg","size":"full","id":352,"alt":"150-de-ani-de-la-na\u0219terea-lui-Pirelli","pixels":148920,"type":"image\/jpeg"}],"twitter_card":"summary_large_image","twitter_misc":{"Scris de":"marketing","Timp estimat pentru citire":"3 minute"},"schema":{"@context":"https:\/\/schema.org","@graph":[{"@type":"WebSite","@id":"https:\/\/anvelonet.ro\/stiri\/#website","url":"https:\/\/anvelonet.ro\/stiri\/","name":"Stiri","description":"powered by ANVELONET","potentialAction":[{"@type":"SearchAction","target":{"@type":"EntryPoint","urlTemplate":"https:\/\/anvelonet.ro\/stiri\/?s={search_term_string}"},"query-input":"required name=search_term_string"}],"inLanguage":"ro-RO"},{"@type":"ImageObject","@id":"https:\/\/anvelonet.ro\/stiri\/150-de-ani-de-la-nasterea-lui-pirelli\/#primaryimage","inLanguage":"ro-RO","url":"https:\/\/anvelonet.ro\/stiri\/wp-content\/uploads\/2022\/02\/32012_LIFE-VISORE-INTERNO-PIRELLI-CELEBRA-I-SUOI-150-ANNI-1910X620CRM.jpg","contentUrl":"https:\/\/anvelonet.ro\/stiri\/wp-content\/uploads\/2022\/02\/32012_LIFE-VISORE-INTERNO-PIRELLI-CELEBRA-I-SUOI-150-ANNI-1910X620CRM.jpg","width":510,"height":292,"caption":"150-de-ani-de-la-na\u0219terea-lui-Pirelli"},{"@type":"WebPage","@id":"https:\/\/anvelonet.ro\/stiri\/150-de-ani-de-la-nasterea-lui-pirelli\/#webpage","url":"https:\/\/anvelonet.ro\/stiri\/150-de-ani-de-la-nasterea-lui-pirelli\/","name":"Pirelli s\u0103rb\u0103tore\u0219te cea de-a 150-a aniversare - Stiri","isPartOf":{"@id":"https:\/\/anvelonet.ro\/stiri\/#website"},"primaryImageOfPage":{"@id":"https:\/\/anvelonet.ro\/stiri\/150-de-ani-de-la-nasterea-lui-pirelli\/#primaryimage"},"datePublished":"2022-02-03T13:21:54+00:00","dateModified":"2022-02-03T13:24:41+00:00","author":{"@id":"https:\/\/anvelonet.ro\/stiri\/#\/schema\/person\/071d0d439a768c81d50a5cfa9be2ebc3"},"description":"Pirelli contribuie la celebrarea a 150 de ani de\u00a0istorie corporativ\u0103\u00a0cu nenum\u0103rate lucruri precum timbre, piese de teatru, diverse reclame","breadcrumb":{"@id":"https:\/\/anvelonet.ro\/stiri\/150-de-ani-de-la-nasterea-lui-pirelli\/#breadcrumb"},"inLanguage":"ro-RO","potentialAction":[{"@type":"ReadAction","target":["https:\/\/anvelonet.ro\/stiri\/150-de-ani-de-la-nasterea-lui-pirelli\/"]}]},{"@type":"BreadcrumbList","@id":"https:\/\/anvelonet.ro\/stiri\/150-de-ani-de-la-nasterea-lui-pirelli\/#breadcrumb","itemListElement":[{"@type":"ListItem","position":1,"name":"Home","item":"https:\/\/anvelonet.ro\/stiri\/"},{"@type":"ListItem","position":2,"name":"Pirelli s\u0103rb\u0103tore\u0219te cea de-a 150-a aniversare"}]},{"@type":"Person","@id":"https:\/\/anvelonet.ro\/stiri\/#\/schema\/person\/071d0d439a768c81d50a5cfa9be2ebc3","name":"marketing","image":{"@type":"ImageObject","@id":"https:\/\/anvelonet.ro\/stiri\/#personlogo","inLanguage":"ro-RO","url":"https:\/\/secure.gravatar.com\/avatar\/6315a10387a0520c6625e1da4026915a?s=96&d=mm&r=g","contentUrl":"https:\/\/secure.gravatar.com\/avatar\/6315a10387a0520c6625e1da4026915a?s=96&d=mm&r=g","caption":"marketing"},"sameAs":["https:\/\/anvelonet.ro\/stiri"],"url":"https:\/\/anvelonet.ro\/stiri\/author\/marketing\/"}]}},"_links":{"self":[{"href":"https:\/\/anvelonet.ro\/stiri\/wp-json\/wp\/v2\/posts\/351"}],"collection":[{"href":"https:\/\/anvelonet.ro\/stiri\/wp-json\/wp\/v2\/posts"}],"about":[{"href":"https:\/\/anvelonet.ro\/stiri\/wp-json\/wp\/v2\/types\/post"}],"author":[{"embeddable":true,"href":"https:\/\/anvelonet.ro\/stiri\/wp-json\/wp\/v2\/users\/1"}],"replies":[{"embeddable":true,"href":"https:\/\/anvelonet.ro\/stiri\/wp-json\/wp\/v2\/comments?post=351"}],"version-history":[{"count":2,"href":"https:\/\/anvelonet.ro\/stiri\/wp-json\/wp\/v2\/posts\/351\/revisions"}],"predecessor-version":[{"id":356,"href":"https:\/\/anvelonet.ro\/stiri\/wp-json\/wp\/v2\/posts\/351\/revisions\/356"}],"wp:featuredmedia":[{"embeddable":true,"href":"https:\/\/anvelonet.ro\/stiri\/wp-json\/wp\/v2\/media\/352"}],"wp:attachment":[{"href":"https:\/\/anvelonet.ro\/stiri\/wp-json\/wp\/v2\/media?parent=351"}],"wp:term":[{"taxonomy":"category","embeddable":true,"href":"https:\/\/anvelonet.ro\/stiri\/wp-json\/wp\/v2\/categories?post=351"},{"taxonomy":"post_tag","embeddable":true,"href":"https:\/\/anvelonet.ro\/stiri\/wp-json\/wp\/v2\/tags?post=351"}],"curies":[{"name":"wp","href":"https:\/\/api.w.org\/{rel}","templated":true}]}}