{"id":441,"date":"2022-04-08T06:35:45","date_gmt":"2022-04-08T06:35:45","guid":{"rendered":"https:\/\/anvelonet.ro\/stiri\/?p=441"},"modified":"2022-04-28T13:51:37","modified_gmt":"2022-04-28T13:51:37","slug":"nexen-tire-80-de-ani","status":"publish","type":"post","link":"https:\/\/anvelonet.ro\/stiri\/nexen-tire-80-de-ani\/","title":{"rendered":"NEXEN TIRE s\u0103rb\u0103tore\u0219te cea de-a 80-a aniversare cu un nou logo"},"content":{"rendered":"\n<p><strong>NEXEN TIRE prezint\u0103 sigla pentru cea de-a 80-a aniversare &#8211; O privire de ansamblu asupra celor opt decenii de istorie a companiei<\/strong><\/p>\n\n\n\n<h2 class=\"wp-block-heading\">NEXEN TIRE 80 de ani<\/h2>\n\n\n\n<p><strong><a href=\"https:\/\/anvelonet.ro\/anvelope-auto\/nexen-tire\/\" target=\"_blank\" rel=\"noreferrer noopener\">NEXEN\u00a0TIRE<\/a><\/strong>\u00a0, unul dintre cei mai importan\u021bi produc\u0103tori de anvelope din lume, \u0219i-a dezv\u0103luit recent sigla la a 80-a aniversare pentru a comemora prezen\u021ba companiei \u00een produc\u021bia de anvelope timp de opt decenii.<\/p>\n\n\n\n<figure class=\"wp-block-image size-large is-resized\"><img loading=\"lazy\" decoding=\"async\" src=\"https:\/\/anvelonet.ro\/stiri\/wp-content\/uploads\/2022\/04\/NEXEN-TIRE-80th-Anniversary-Emblem_Combination_ENGTIRE_Full-Color-1024x284.png\" alt=\"NEXEN TIRE 80 de ani\" class=\"wp-image-443\" width=\"768\" height=\"213\" srcset=\"https:\/\/anvelonet.ro\/stiri\/wp-content\/uploads\/2022\/04\/NEXEN-TIRE-80th-Anniversary-Emblem_Combination_ENGTIRE_Full-Color-1024x284.png 1024w, https:\/\/anvelonet.ro\/stiri\/wp-content\/uploads\/2022\/04\/NEXEN-TIRE-80th-Anniversary-Emblem_Combination_ENGTIRE_Full-Color-300x83.png 300w, https:\/\/anvelonet.ro\/stiri\/wp-content\/uploads\/2022\/04\/NEXEN-TIRE-80th-Anniversary-Emblem_Combination_ENGTIRE_Full-Color-768x213.png 768w, https:\/\/anvelonet.ro\/stiri\/wp-content\/uploads\/2022\/04\/NEXEN-TIRE-80th-Anniversary-Emblem_Combination_ENGTIRE_Full-Color-1536x426.png 1536w, https:\/\/anvelonet.ro\/stiri\/wp-content\/uploads\/2022\/04\/NEXEN-TIRE-80th-Anniversary-Emblem_Combination_ENGTIRE_Full-Color-696x193.png 696w, https:\/\/anvelonet.ro\/stiri\/wp-content\/uploads\/2022\/04\/NEXEN-TIRE-80th-Anniversary-Emblem_Combination_ENGTIRE_Full-Color-1068x296.png 1068w, https:\/\/anvelonet.ro\/stiri\/wp-content\/uploads\/2022\/04\/NEXEN-TIRE-80th-Anniversary-Emblem_Combination_ENGTIRE_Full-Color-1516x420.png 1516w, https:\/\/anvelonet.ro\/stiri\/wp-content\/uploads\/2022\/04\/NEXEN-TIRE-80th-Anniversary-Emblem_Combination_ENGTIRE_Full-Color.png 1913w\" sizes=\"(max-width: 768px) 100vw, 768px\" \/><\/figure>\n\n\n\n<p>Noul logo \u00eentruchipeaz\u0103 mo\u0219tenirea \u0219i istoria NEXEN TIRE, simboliz\u00e2nd importan\u021ba angajamentului pe termen lung al companiei fa\u021b\u0103 de consumatori.&nbsp;Designul general al siglei este similar cu o anvelop\u0103 \u00een mi\u0219care, prezent\u00e2nd ini\u021biativele NEXEN TIRE pentru a r\u0103spunde nevoilor diferite de mobilitate ale consumatorilor.&nbsp;NEXEN TIRE s\u0103rb\u0103tore\u0219te cea de-a 80-a aniversare pe 1 mai 2022.<\/p>\n\n\n\n<p>Fondat\u0103 \u00een 1942, <strong><a href=\"https:\/\/anvelonet.ro\/cautaredupadimensiune\/toate\/toate\/toate\/anvelopadevara\/nexen\" target=\"_blank\" rel=\"noreferrer noopener\">NEXEN TIRE<\/a><\/strong> a jucat un rol cheie \u00een produc\u021bia de anvelope.\u00a0Opt decenii mai t\u00e2rziu, compania este \u00eenc\u0103 un brand de elit\u0103, cunoscut pentru calitatea, produsele inovatoare \u0219i competitivitatea \u00een tehnologia de produc\u021bie.<\/p>\n\n\n\n<p>\u201eEste o onoare pentru mine s\u0103 prezint acest logo comemorativ \u0219i s\u0103 deschid s\u0103rb\u0103torirea a 80 de ani de la NEXEN TIRE\u201d, a declarat Travis Kang, CEO global al NEXEN TIRE.&nbsp;\u201eSunt foarte m\u00e2ndru de ceea ce am realizat.&nbsp;Semnifica\u021bia acestei etape arat\u0103 c\u0103 clien\u021bii \u0219i angaja\u021bii no\u0219tri apreciaz\u0103 eforturile noastre.&nbsp;De asemenea, am avut norocul s\u0103 lucrez cu o echip\u0103 remarcabil\u0103 de colegi care au f\u0103cut pa\u0219i mari pentru a asigura succesul companiei.\u201d<\/p>\n\n\n\n<p>P\u00e2n\u0103 la sf\u00e2r\u0219itul anului aniversar 2022, noul logo pentru cea de-a 80-a aniversare va fi folosit \u00een marketing \u0219i comunica\u021bii.<\/p>\n\n\n\n<h2 class=\"wp-block-heading\">Despre NEXEN TIRE<\/h2>\n\n\n\n<p>Fondat\u0103 \u00een 1942, Nexen Tire este un produc\u0103tor global de anvelope din Coreea de Sud.\u00a0Nexen Tire, unul dintre produc\u0103torii de anvelope cu cea mai rapid\u0103 cre\u0219tere din lume, are \u00een prezent opera\u021biuni \u00een aproximativ 150 de \u021b\u0103ri din \u00eentreaga lume, cu patru fabrici de produc\u021bie &#8211; dou\u0103 \u00een Coreea (Yangsan \u0219i Changnyeong) \u0219i una \u00een Qingdao, China.\u00a0O alt\u0103 fabric\u0103 din \u017datec, Republica Ceh\u0103, care a \u00eenceput s\u0103 func\u021bioneze, de asemenea din 2019.\u00a0Nexen Tire produce anvelope pentru ma\u0219ini, SUV-uri \u0219i camioane u\u0219oare cu tehnologie avansat\u0103 \u0219i design excelent.\u00a0Nexen Tire OE (First Assembly) furnizeaz\u0103 anvelope produc\u0103torilor auto globali din \u00eentreaga lume.\u00a0\u00cen 2014, compania a c\u00e2\u0219tigat pentru prima dat\u0103 la Grand Slam cu 4 dintre cele mai bune premii de design din lume printre diver\u0219ii produc\u0103tori de anvelope din lume.<\/p>\n\n\n\n<p><\/p>\n\n\n\n<p>Cump\u0103rarea unei anvelope Face\u021bi mai u\u0219or cump\u0103rarea \u0219i \u00eenlocuirea anvelopelor. Alege magazinul online <strong><a href=\"https:\/\/www.anvelonet.ro\/\" target=\"_blank\" rel=\"noreferrer noopener\">anvelonet.ro<\/a><\/strong>!<\/p>\n\n\n\n<div class=\"wp-block-buttons is-content-justification-center is-layout-flex wp-block-buttons-is-layout-flex\">\n<div class=\"wp-block-button\"><a class=\"wp-block-button__link has-text-color has-background\" href=\"https:\/\/anvelonet.ro\/cautaredupadimensiune\/toate\/toate\/toate\/anvelopadevara\/nexen\" style=\"background-color:#fdd814;color:#333333\" target=\"_blank\" rel=\"noreferrer noopener\"><strong>Anvelope de var\u0103<\/strong> Nexen<\/a><\/div>\n<\/div>\n","protected":false},"excerpt":{"rendered":"<p>NEXEN TIRE prezint\u0103 sigla pentru cea de-a 80-a aniversare &#8211; O privire de ansamblu asupra celor opt decenii de istorie<\/p>\n","protected":false},"author":1,"featured_media":442,"comment_status":"closed","ping_status":"closed","sticky":false,"template":"","format":"standard","meta":{"footnotes":""},"categories":[62],"tags":[],"yoast_head":"<!-- This site is optimized with the Yoast SEO plugin v16.9 - https:\/\/yoast.com\/wordpress\/plugins\/seo\/ -->\n<title>NEXEN TIRE s\u0103rb\u0103tore\u0219te cea de-a 80-a aniversare cu un nou logo - Stiri<\/title>\n<meta name=\"description\" content=\"NEXEN TIRE prezint\u0103 sigla pentru cea de-a 80-a aniversare - O privire de ansamblu asupra celor opt decenii de istorie a companiei\" \/>\n<meta name=\"robots\" content=\"index, follow, max-snippet:-1, max-image-preview:large, max-video-preview:-1\" \/>\n<link rel=\"canonical\" href=\"https:\/\/anvelonet.ro\/stiri\/nexen-tire-80-de-ani\/\" \/>\n<meta property=\"og:locale\" content=\"ro_RO\" \/>\n<meta property=\"og:type\" content=\"article\" \/>\n<meta property=\"og:title\" content=\"NEXEN TIRE s\u0103rb\u0103tore\u0219te cea de-a 80-a aniversare cu un nou logo - Stiri\" \/>\n<meta property=\"og:description\" content=\"NEXEN TIRE prezint\u0103 sigla pentru cea de-a 80-a aniversare - O privire de ansamblu asupra celor opt decenii de istorie a companiei\" \/>\n<meta property=\"og:url\" content=\"https:\/\/anvelonet.ro\/stiri\/nexen-tire-80-de-ani\/\" \/>\n<meta property=\"og:site_name\" content=\"Stiri\" \/>\n<meta property=\"article:published_time\" content=\"2022-04-08T06:35:45+00:00\" \/>\n<meta property=\"article:modified_time\" content=\"2022-04-28T13:51:37+00:00\" \/>\n<meta property=\"og:image\" content=\"https:\/\/anvelonet.ro\/stiri\/wp-content\/uploads\/2022\/04\/NEXEN-TIRE-80th-Anniversary-Emblem_hatter.jpg\" \/>\n\t<meta property=\"og:image:width\" content=\"1980\" \/>\n\t<meta property=\"og:image:height\" content=\"1080\" \/>\n<meta name=\"twitter:card\" content=\"summary_large_image\" \/>\n<meta name=\"twitter:label1\" content=\"Scris de\" \/>\n\t<meta name=\"twitter:data1\" content=\"marketing\" \/>\n\t<meta name=\"twitter:label2\" content=\"Timp estimat pentru citire\" \/>\n\t<meta name=\"twitter:data2\" content=\"2 minute\" \/>\n<script type=\"application\/ld+json\" class=\"yoast-schema-graph\">{\"@context\":\"https:\/\/schema.org\",\"@graph\":[{\"@type\":\"WebSite\",\"@id\":\"https:\/\/anvelonet.ro\/stiri\/#website\",\"url\":\"https:\/\/anvelonet.ro\/stiri\/\",\"name\":\"Stiri\",\"description\":\"powered by ANVELONET\",\"potentialAction\":[{\"@type\":\"SearchAction\",\"target\":{\"@type\":\"EntryPoint\",\"urlTemplate\":\"https:\/\/anvelonet.ro\/stiri\/?s={search_term_string}\"},\"query-input\":\"required name=search_term_string\"}],\"inLanguage\":\"ro-RO\"},{\"@type\":\"ImageObject\",\"@id\":\"https:\/\/anvelonet.ro\/stiri\/nexen-tire-80-de-ani\/#primaryimage\",\"inLanguage\":\"ro-RO\",\"url\":\"https:\/\/anvelonet.ro\/stiri\/wp-content\/uploads\/2022\/04\/NEXEN-TIRE-80th-Anniversary-Emblem_hatter.jpg\",\"contentUrl\":\"https:\/\/anvelonet.ro\/stiri\/wp-content\/uploads\/2022\/04\/NEXEN-TIRE-80th-Anniversary-Emblem_hatter.jpg\",\"width\":1980,\"height\":1080,\"caption\":\"NEXEN TIRE 80 de ani\"},{\"@type\":\"WebPage\",\"@id\":\"https:\/\/anvelonet.ro\/stiri\/nexen-tire-80-de-ani\/#webpage\",\"url\":\"https:\/\/anvelonet.ro\/stiri\/nexen-tire-80-de-ani\/\",\"name\":\"NEXEN TIRE s\\u0103rb\\u0103tore\\u0219te cea de-a 80-a aniversare cu un nou logo - Stiri\",\"isPartOf\":{\"@id\":\"https:\/\/anvelonet.ro\/stiri\/#website\"},\"primaryImageOfPage\":{\"@id\":\"https:\/\/anvelonet.ro\/stiri\/nexen-tire-80-de-ani\/#primaryimage\"},\"datePublished\":\"2022-04-08T06:35:45+00:00\",\"dateModified\":\"2022-04-28T13:51:37+00:00\",\"author\":{\"@id\":\"https:\/\/anvelonet.ro\/stiri\/#\/schema\/person\/071d0d439a768c81d50a5cfa9be2ebc3\"},\"description\":\"NEXEN TIRE prezint\\u0103 sigla pentru cea de-a 80-a aniversare - O privire de ansamblu asupra celor opt decenii de istorie a companiei\",\"breadcrumb\":{\"@id\":\"https:\/\/anvelonet.ro\/stiri\/nexen-tire-80-de-ani\/#breadcrumb\"},\"inLanguage\":\"ro-RO\",\"potentialAction\":[{\"@type\":\"ReadAction\",\"target\":[\"https:\/\/anvelonet.ro\/stiri\/nexen-tire-80-de-ani\/\"]}]},{\"@type\":\"BreadcrumbList\",\"@id\":\"https:\/\/anvelonet.ro\/stiri\/nexen-tire-80-de-ani\/#breadcrumb\",\"itemListElement\":[{\"@type\":\"ListItem\",\"position\":1,\"name\":\"Home\",\"item\":\"https:\/\/anvelonet.ro\/stiri\/\"},{\"@type\":\"ListItem\",\"position\":2,\"name\":\"NEXEN TIRE s\\u0103rb\\u0103tore\\u0219te cea de-a 80-a aniversare cu un nou logo\"}]},{\"@type\":\"Person\",\"@id\":\"https:\/\/anvelonet.ro\/stiri\/#\/schema\/person\/071d0d439a768c81d50a5cfa9be2ebc3\",\"name\":\"marketing\",\"image\":{\"@type\":\"ImageObject\",\"@id\":\"https:\/\/anvelonet.ro\/stiri\/#personlogo\",\"inLanguage\":\"ro-RO\",\"url\":\"https:\/\/secure.gravatar.com\/avatar\/6315a10387a0520c6625e1da4026915a?s=96&d=mm&r=g\",\"contentUrl\":\"https:\/\/secure.gravatar.com\/avatar\/6315a10387a0520c6625e1da4026915a?s=96&d=mm&r=g\",\"caption\":\"marketing\"},\"sameAs\":[\"https:\/\/anvelonet.ro\/stiri\"],\"url\":\"https:\/\/anvelonet.ro\/stiri\/author\/marketing\/\"}]}<\/script>\n<!-- \/ Yoast SEO plugin. -->","yoast_head_json":{"title":"NEXEN TIRE s\u0103rb\u0103tore\u0219te cea de-a 80-a aniversare cu un nou logo - Stiri","description":"NEXEN TIRE prezint\u0103 sigla pentru cea de-a 80-a aniversare - O privire de ansamblu asupra celor opt decenii de istorie a companiei","robots":{"index":"index","follow":"follow","max-snippet":"max-snippet:-1","max-image-preview":"max-image-preview:large","max-video-preview":"max-video-preview:-1"},"canonical":"https:\/\/anvelonet.ro\/stiri\/nexen-tire-80-de-ani\/","og_locale":"ro_RO","og_type":"article","og_title":"NEXEN TIRE s\u0103rb\u0103tore\u0219te cea de-a 80-a aniversare cu un nou logo - Stiri","og_description":"NEXEN TIRE prezint\u0103 sigla pentru cea de-a 80-a aniversare - O privire de ansamblu asupra celor opt decenii de istorie a companiei","og_url":"https:\/\/anvelonet.ro\/stiri\/nexen-tire-80-de-ani\/","og_site_name":"Stiri","article_published_time":"2022-04-08T06:35:45+00:00","article_modified_time":"2022-04-28T13:51:37+00:00","og_image":[{"width":1980,"height":1080,"url":"https:\/\/anvelonet.ro\/stiri\/wp-content\/uploads\/2022\/04\/NEXEN-TIRE-80th-Anniversary-Emblem_hatter.jpg","path":"\/var\/www\/gumi.hu\/2019\/www\/stiri\/wp-content\/uploads\/2022\/04\/NEXEN-TIRE-80th-Anniversary-Emblem_hatter.jpg","size":"full","id":442,"alt":"NEXEN TIRE 80 de ani","pixels":2138400,"type":"image\/jpeg"}],"twitter_card":"summary_large_image","twitter_misc":{"Scris de":"marketing","Timp estimat pentru citire":"2 minute"},"schema":{"@context":"https:\/\/schema.org","@graph":[{"@type":"WebSite","@id":"https:\/\/anvelonet.ro\/stiri\/#website","url":"https:\/\/anvelonet.ro\/stiri\/","name":"Stiri","description":"powered by ANVELONET","potentialAction":[{"@type":"SearchAction","target":{"@type":"EntryPoint","urlTemplate":"https:\/\/anvelonet.ro\/stiri\/?s={search_term_string}"},"query-input":"required name=search_term_string"}],"inLanguage":"ro-RO"},{"@type":"ImageObject","@id":"https:\/\/anvelonet.ro\/stiri\/nexen-tire-80-de-ani\/#primaryimage","inLanguage":"ro-RO","url":"https:\/\/anvelonet.ro\/stiri\/wp-content\/uploads\/2022\/04\/NEXEN-TIRE-80th-Anniversary-Emblem_hatter.jpg","contentUrl":"https:\/\/anvelonet.ro\/stiri\/wp-content\/uploads\/2022\/04\/NEXEN-TIRE-80th-Anniversary-Emblem_hatter.jpg","width":1980,"height":1080,"caption":"NEXEN TIRE 80 de ani"},{"@type":"WebPage","@id":"https:\/\/anvelonet.ro\/stiri\/nexen-tire-80-de-ani\/#webpage","url":"https:\/\/anvelonet.ro\/stiri\/nexen-tire-80-de-ani\/","name":"NEXEN TIRE s\u0103rb\u0103tore\u0219te cea de-a 80-a aniversare cu un nou logo - Stiri","isPartOf":{"@id":"https:\/\/anvelonet.ro\/stiri\/#website"},"primaryImageOfPage":{"@id":"https:\/\/anvelonet.ro\/stiri\/nexen-tire-80-de-ani\/#primaryimage"},"datePublished":"2022-04-08T06:35:45+00:00","dateModified":"2022-04-28T13:51:37+00:00","author":{"@id":"https:\/\/anvelonet.ro\/stiri\/#\/schema\/person\/071d0d439a768c81d50a5cfa9be2ebc3"},"description":"NEXEN TIRE prezint\u0103 sigla pentru cea de-a 80-a aniversare - O privire de ansamblu asupra celor opt decenii de istorie a companiei","breadcrumb":{"@id":"https:\/\/anvelonet.ro\/stiri\/nexen-tire-80-de-ani\/#breadcrumb"},"inLanguage":"ro-RO","potentialAction":[{"@type":"ReadAction","target":["https:\/\/anvelonet.ro\/stiri\/nexen-tire-80-de-ani\/"]}]},{"@type":"BreadcrumbList","@id":"https:\/\/anvelonet.ro\/stiri\/nexen-tire-80-de-ani\/#breadcrumb","itemListElement":[{"@type":"ListItem","position":1,"name":"Home","item":"https:\/\/anvelonet.ro\/stiri\/"},{"@type":"ListItem","position":2,"name":"NEXEN TIRE s\u0103rb\u0103tore\u0219te cea de-a 80-a aniversare cu un nou logo"}]},{"@type":"Person","@id":"https:\/\/anvelonet.ro\/stiri\/#\/schema\/person\/071d0d439a768c81d50a5cfa9be2ebc3","name":"marketing","image":{"@type":"ImageObject","@id":"https:\/\/anvelonet.ro\/stiri\/#personlogo","inLanguage":"ro-RO","url":"https:\/\/secure.gravatar.com\/avatar\/6315a10387a0520c6625e1da4026915a?s=96&d=mm&r=g","contentUrl":"https:\/\/secure.gravatar.com\/avatar\/6315a10387a0520c6625e1da4026915a?s=96&d=mm&r=g","caption":"marketing"},"sameAs":["https:\/\/anvelonet.ro\/stiri"],"url":"https:\/\/anvelonet.ro\/stiri\/author\/marketing\/"}]}},"_links":{"self":[{"href":"https:\/\/anvelonet.ro\/stiri\/wp-json\/wp\/v2\/posts\/441"}],"collection":[{"href":"https:\/\/anvelonet.ro\/stiri\/wp-json\/wp\/v2\/posts"}],"about":[{"href":"https:\/\/anvelonet.ro\/stiri\/wp-json\/wp\/v2\/types\/post"}],"author":[{"embeddable":true,"href":"https:\/\/anvelonet.ro\/stiri\/wp-json\/wp\/v2\/users\/1"}],"replies":[{"embeddable":true,"href":"https:\/\/anvelonet.ro\/stiri\/wp-json\/wp\/v2\/comments?post=441"}],"version-history":[{"count":1,"href":"https:\/\/anvelonet.ro\/stiri\/wp-json\/wp\/v2\/posts\/441\/revisions"}],"predecessor-version":[{"id":444,"href":"https:\/\/anvelonet.ro\/stiri\/wp-json\/wp\/v2\/posts\/441\/revisions\/444"}],"wp:featuredmedia":[{"embeddable":true,"href":"https:\/\/anvelonet.ro\/stiri\/wp-json\/wp\/v2\/media\/442"}],"wp:attachment":[{"href":"https:\/\/anvelonet.ro\/stiri\/wp-json\/wp\/v2\/media?parent=441"}],"wp:term":[{"taxonomy":"category","embeddable":true,"href":"https:\/\/anvelonet.ro\/stiri\/wp-json\/wp\/v2\/categories?post=441"},{"taxonomy":"post_tag","embeddable":true,"href":"https:\/\/anvelonet.ro\/stiri\/wp-json\/wp\/v2\/tags?post=441"}],"curies":[{"name":"wp","href":"https:\/\/api.w.org\/{rel}","templated":true}]}}