{"id":933,"date":"2023-06-08T11:09:54","date_gmt":"2023-06-08T11:09:54","guid":{"rendered":"https:\/\/anvelonet.ro\/stiri\/?p=933"},"modified":"2023-06-08T11:42:41","modified_gmt":"2023-06-08T11:42:41","slug":"falken-nurburgring-24h-2023","status":"publish","type":"post","link":"https:\/\/anvelonet.ro\/stiri\/falken-nurburgring-24h-2023\/","title":{"rendered":"Echipa Falken este \u00een frunte pe N\u00fcrnburgring"},"content":{"rendered":"\n<figure class=\"wp-block-image aligncenter size-full\"><img loading=\"lazy\" decoding=\"async\" width=\"300\" height=\"92\" src=\"https:\/\/anvelonet.ro\/stiri\/wp-content\/uploads\/2023\/06\/falken-300x921-1.png\" alt=\"\" class=\"wp-image-942\"\/><\/figure>\n\n\n\n<p><br>Echipa Falken Motorsports a terminat \u00een top 10 la ADAC TotalEnergies 24 Hours de la N\u00fcrburgring \u00een acest weekend. Echipa s-a confruntat cu multe provoc\u0103ri.<\/p>\n\n\n\n<p>Num\u0103rul de spectatori a ajuns la 235.000 \u00een timpul celei de-a 51-a edi\u021bii ADAC TotalEnergies 24 Hours, desf\u0103\u0219urat\u0103 pe N\u00fcrburgring. Competi\u021bia, care s-a desf\u0103\u0219urat \u00een condi\u021bii complet uscate, neobi\u0219nuite pentru regiunea Eiffel, a oferit distrac\u021bie incitant\u0103 \u0219i multe evenimente.<\/p>\n\n\n\n<p class=\"has-large-font-size\"><strong>N\u00fcrburgring calificare 24 de ore<\/strong><\/p>\n\n\n\n<p>Calific\u0103rile au mers conform planului pentru Falken. Nico Menzel (#44) a finalizat combina\u021bia de 25,378 km N\u00fcrburgring Grand Prix \u0219i Nordschleife \u00een 8:11,211 minute pentru a-\u0219i asigura locul \u0219ase pe gril\u0103 pentru el \u0219i pentru colegii de echip\u0103 Joel Eriksson, Tim Heinemann \u0219i Martin Ragginger ca primii clasa\u021bi la Zuffenhausen, reprezent\u00e2nd o marc\u0103 de ma\u0219ini sport. Ma\u0219ina sor\u0103 num\u0103rul 33, cu Klaus Bachler, Sven M\u00fcller \u0219i Alessio Picariello la volan, a terminat pe locul 14 pe gril\u0103 cu un timp de 8:12.599.<\/p>\n\n\n\n<p class=\"has-large-font-size\"><strong>Cursa de 24 de ore de la N\u00fcrburgring<\/strong><\/p>\n\n\n\n<p>Mult\u0103 vreme \u00een prima treime a cursei, ma\u0219ina #44 a fost la fel de aproape de fa\u021b\u0103 ca cel mai bun Porsche, ocup\u00e2nd temporar locul trei. Cu toate acestea, \u00een jurul miezului nop\u021bii, s-a ciocnit de un concurent dep\u0103\u0219it, f\u0103c\u00e2ndu-l s\u0103 se roteasc\u0103. Dup\u0103 aceea, ma\u0219ina a avut nevoie de o scurt\u0103 repara\u021bie. La sf\u00e2r\u0219itul urm\u0103ririi de 24 de ore, patrulea dintre Menzel \/ Eriksson \/ Heinemann \/ Ragginger a terminat pe locul 10.<\/p>\n\n\n\n<figure class=\"wp-block-gallery has-nested-images columns-default is-cropped wp-block-gallery-1 is-layout-flex wp-block-gallery-is-layout-flex\">\n<figure class=\"wp-block-image size-large\"><img loading=\"lazy\" decoding=\"async\" width=\"1024\" height=\"683\" data-id=\"937\" src=\"https:\/\/anvelonet.ro\/stiri\/wp-content\/uploads\/2023\/06\/Falken-Nurburgring-2023_1-1024x683.jpg\" alt=\"\" class=\"wp-image-937\" srcset=\"https:\/\/anvelonet.ro\/stiri\/wp-content\/uploads\/2023\/06\/Falken-Nurburgring-2023_1-1024x683.jpg 1024w, https:\/\/anvelonet.ro\/stiri\/wp-content\/uploads\/2023\/06\/Falken-Nurburgring-2023_1-300x200.jpg 300w, https:\/\/anvelonet.ro\/stiri\/wp-content\/uploads\/2023\/06\/Falken-Nurburgring-2023_1-768x512.jpg 768w, https:\/\/anvelonet.ro\/stiri\/wp-content\/uploads\/2023\/06\/Falken-Nurburgring-2023_1-1536x1024.jpg 1536w, https:\/\/anvelonet.ro\/stiri\/wp-content\/uploads\/2023\/06\/Falken-Nurburgring-2023_1-2048x1365.jpg 2048w, https:\/\/anvelonet.ro\/stiri\/wp-content\/uploads\/2023\/06\/Falken-Nurburgring-2023_1-696x464.jpg 696w, https:\/\/anvelonet.ro\/stiri\/wp-content\/uploads\/2023\/06\/Falken-Nurburgring-2023_1-1068x712.jpg 1068w, https:\/\/anvelonet.ro\/stiri\/wp-content\/uploads\/2023\/06\/Falken-Nurburgring-2023_1-630x420.jpg 630w\" sizes=\"(max-width: 1024px) 100vw, 1024px\" \/><figcaption class=\"wp-element-caption\">51. ADAC TotalEnergies 24h N\u00fcrburgring 2023 &#8211; Foto: Gruppe C Photography<\/figcaption><\/figure>\n\n\n\n<figure class=\"wp-block-image size-large\"><img loading=\"lazy\" decoding=\"async\" width=\"1024\" height=\"683\" data-id=\"935\" src=\"https:\/\/anvelonet.ro\/stiri\/wp-content\/uploads\/2023\/06\/Falken-Nurburgring-2023_2-1024x683.jpg\" alt=\"\" class=\"wp-image-935\" srcset=\"https:\/\/anvelonet.ro\/stiri\/wp-content\/uploads\/2023\/06\/Falken-Nurburgring-2023_2-1024x683.jpg 1024w, https:\/\/anvelonet.ro\/stiri\/wp-content\/uploads\/2023\/06\/Falken-Nurburgring-2023_2-300x200.jpg 300w, https:\/\/anvelonet.ro\/stiri\/wp-content\/uploads\/2023\/06\/Falken-Nurburgring-2023_2-768x512.jpg 768w, https:\/\/anvelonet.ro\/stiri\/wp-content\/uploads\/2023\/06\/Falken-Nurburgring-2023_2-1536x1024.jpg 1536w, https:\/\/anvelonet.ro\/stiri\/wp-content\/uploads\/2023\/06\/Falken-Nurburgring-2023_2-2048x1366.jpg 2048w, https:\/\/anvelonet.ro\/stiri\/wp-content\/uploads\/2023\/06\/Falken-Nurburgring-2023_2-696x464.jpg 696w, https:\/\/anvelonet.ro\/stiri\/wp-content\/uploads\/2023\/06\/Falken-Nurburgring-2023_2-1068x712.jpg 1068w, https:\/\/anvelonet.ro\/stiri\/wp-content\/uploads\/2023\/06\/Falken-Nurburgring-2023_2-630x420.jpg 630w\" sizes=\"(max-width: 1024px) 100vw, 1024px\" \/><figcaption class=\"wp-element-caption\">51. ADAC TotalEnergies 24h N\u00fcrburgring 2023 &#8211; Foto: Gruppe C Photography<\/figcaption><\/figure>\n\n\n\n<figure class=\"wp-block-image size-large\"><img loading=\"lazy\" decoding=\"async\" width=\"1024\" height=\"683\" data-id=\"934\" src=\"https:\/\/anvelonet.ro\/stiri\/wp-content\/uploads\/2023\/06\/Falken-Nurburgring-2023_3-1024x683.jpg\" alt=\"\" class=\"wp-image-934\" srcset=\"https:\/\/anvelonet.ro\/stiri\/wp-content\/uploads\/2023\/06\/Falken-Nurburgring-2023_3-1024x683.jpg 1024w, https:\/\/anvelonet.ro\/stiri\/wp-content\/uploads\/2023\/06\/Falken-Nurburgring-2023_3-300x200.jpg 300w, https:\/\/anvelonet.ro\/stiri\/wp-content\/uploads\/2023\/06\/Falken-Nurburgring-2023_3-768x512.jpg 768w, https:\/\/anvelonet.ro\/stiri\/wp-content\/uploads\/2023\/06\/Falken-Nurburgring-2023_3-696x464.jpg 696w, https:\/\/anvelonet.ro\/stiri\/wp-content\/uploads\/2023\/06\/Falken-Nurburgring-2023_3-1068x712.jpg 1068w, https:\/\/anvelonet.ro\/stiri\/wp-content\/uploads\/2023\/06\/Falken-Nurburgring-2023_3-630x420.jpg 630w, https:\/\/anvelonet.ro\/stiri\/wp-content\/uploads\/2023\/06\/Falken-Nurburgring-2023_3.jpg 1200w\" sizes=\"(max-width: 1024px) 100vw, 1024px\" \/><\/figure>\n\n\n\n<figure class=\"wp-block-image size-large\"><img loading=\"lazy\" decoding=\"async\" width=\"1024\" height=\"683\" data-id=\"938\" src=\"https:\/\/anvelonet.ro\/stiri\/wp-content\/uploads\/2023\/06\/Falken-Nurburgring-2023_4-1024x683.jpg\" alt=\"\" class=\"wp-image-938\" srcset=\"https:\/\/anvelonet.ro\/stiri\/wp-content\/uploads\/2023\/06\/Falken-Nurburgring-2023_4-1024x683.jpg 1024w, https:\/\/anvelonet.ro\/stiri\/wp-content\/uploads\/2023\/06\/Falken-Nurburgring-2023_4-300x200.jpg 300w, https:\/\/anvelonet.ro\/stiri\/wp-content\/uploads\/2023\/06\/Falken-Nurburgring-2023_4-768x512.jpg 768w, https:\/\/anvelonet.ro\/stiri\/wp-content\/uploads\/2023\/06\/Falken-Nurburgring-2023_4-696x464.jpg 696w, https:\/\/anvelonet.ro\/stiri\/wp-content\/uploads\/2023\/06\/Falken-Nurburgring-2023_4-1068x712.jpg 1068w, https:\/\/anvelonet.ro\/stiri\/wp-content\/uploads\/2023\/06\/Falken-Nurburgring-2023_4-630x420.jpg 630w, https:\/\/anvelonet.ro\/stiri\/wp-content\/uploads\/2023\/06\/Falken-Nurburgring-2023_4.jpg 1200w\" sizes=\"(max-width: 1024px) 100vw, 1024px\" \/><figcaption class=\"wp-element-caption\">51. ADAC TotalEnergies 24h N\u00fcrburgring 2023 &#8211; Foto: Gruppe C Photography<\/figcaption><\/figure>\n\n\n\n<figure class=\"wp-block-image size-large\"><img loading=\"lazy\" decoding=\"async\" width=\"1024\" height=\"683\" data-id=\"939\" src=\"https:\/\/anvelonet.ro\/stiri\/wp-content\/uploads\/2023\/06\/Falken-Nurburgring-2023_5-1024x683.jpg\" alt=\"\" class=\"wp-image-939\" srcset=\"https:\/\/anvelonet.ro\/stiri\/wp-content\/uploads\/2023\/06\/Falken-Nurburgring-2023_5-1024x683.jpg 1024w, https:\/\/anvelonet.ro\/stiri\/wp-content\/uploads\/2023\/06\/Falken-Nurburgring-2023_5-300x200.jpg 300w, https:\/\/anvelonet.ro\/stiri\/wp-content\/uploads\/2023\/06\/Falken-Nurburgring-2023_5-768x512.jpg 768w, https:\/\/anvelonet.ro\/stiri\/wp-content\/uploads\/2023\/06\/Falken-Nurburgring-2023_5-696x464.jpg 696w, https:\/\/anvelonet.ro\/stiri\/wp-content\/uploads\/2023\/06\/Falken-Nurburgring-2023_5-1068x712.jpg 1068w, https:\/\/anvelonet.ro\/stiri\/wp-content\/uploads\/2023\/06\/Falken-Nurburgring-2023_5-630x420.jpg 630w, https:\/\/anvelonet.ro\/stiri\/wp-content\/uploads\/2023\/06\/Falken-Nurburgring-2023_5.jpg 1200w\" sizes=\"(max-width: 1024px) 100vw, 1024px\" \/><figcaption class=\"wp-element-caption\">51. ADAC TotalEnergies 24h N\u00fcrburgring 2023 &#8211; Foto: Gruppe C Photography<\/figcaption><\/figure>\n\n\n\n<figure class=\"wp-block-image size-large\"><img loading=\"lazy\" decoding=\"async\" width=\"1024\" height=\"683\" data-id=\"936\" src=\"https:\/\/anvelonet.ro\/stiri\/wp-content\/uploads\/2023\/06\/Falken-Nurburgring-2023_6-1024x683.jpg\" alt=\"\" class=\"wp-image-936\" srcset=\"https:\/\/anvelonet.ro\/stiri\/wp-content\/uploads\/2023\/06\/Falken-Nurburgring-2023_6-1024x683.jpg 1024w, https:\/\/anvelonet.ro\/stiri\/wp-content\/uploads\/2023\/06\/Falken-Nurburgring-2023_6-300x200.jpg 300w, https:\/\/anvelonet.ro\/stiri\/wp-content\/uploads\/2023\/06\/Falken-Nurburgring-2023_6-768x512.jpg 768w, https:\/\/anvelonet.ro\/stiri\/wp-content\/uploads\/2023\/06\/Falken-Nurburgring-2023_6-696x464.jpg 696w, https:\/\/anvelonet.ro\/stiri\/wp-content\/uploads\/2023\/06\/Falken-Nurburgring-2023_6-1068x712.jpg 1068w, https:\/\/anvelonet.ro\/stiri\/wp-content\/uploads\/2023\/06\/Falken-Nurburgring-2023_6-630x420.jpg 630w, https:\/\/anvelonet.ro\/stiri\/wp-content\/uploads\/2023\/06\/Falken-Nurburgring-2023_6.jpg 1200w\" sizes=\"(max-width: 1024px) 100vw, 1024px\" \/><figcaption class=\"wp-element-caption\">51. ADAC TotalEnergies 24h N\u00fcrburgring 2023 &#8211; Foto: Gruppe C Photography<\/figcaption><\/figure>\n<\/figure>\n\n\n\n<p class=\"has-large-font-size\"><strong>Falken &#8211; N\u00fcrburgring 24h<\/strong><\/p>\n\n\n\n<p>Pentru ma\u0219ina #33, cursa a fost \u0219i mai furtunoas\u0103. O coliziune \u00een primele etape a provocat o pierdere de timp ini\u021bial, dar dup\u0103 o recuperare impresionant\u0103, 911 a revenit rapid \u00een top 15. \u00cen jurul orei 3:30 a.m., Falken Porsche s-a ciocnit din nou cu o ma\u0219in\u0103 mai lent\u0103 \u00een timp ce dep\u0103\u0219ea \u0219i s-a izbit de bariera de band\u0103. Acesta a fost sf\u00e2r\u0219itul cursei pentru Bachler \/ M\u00fcller \/ Picariello. <\/p>\n\n\n\n<p>\u201eObiectivul nostru a fost s\u0103 termin\u0103m \u00een top 5, ceea ce ar fi fost posibil av\u00e2nd \u00een vedere performan\u021ba ma\u0219inilor noastre. Din p\u0103cate, de data aceasta nu am avut noroc\u201d, a concluzionat Markus B\u00f6gner, vicepre\u0219edinte executiv \u0219i director general al <a href=\"https:\/\/anvelonet.ro\/anvelope-auto\/falken-tire\/\" target=\"_blank\" rel=\"noreferrer noopener\">Falken Tyres<\/a> Europe GmbH. \u201eMul\u021bumim partenerului nostru, Schnabl Engineering, pentru munca excelent\u0103 \u00een preg\u0103tirea ma\u0219inii, precum \u0219i celor 300 de oaspe\u021bi mul\u021bumi\u021bi, al\u0103turi de care am avut un weekend de neuitat\u201d.<\/p>\n\n\n\n<div class=\"wp-block-buttons is-content-justification-center is-layout-flex wp-container-core-buttons-is-layout-1 wp-block-buttons-is-layout-flex\">\n<div class=\"wp-block-button\"><a class=\"wp-block-button__link has-black-color has-text-color has-background wp-element-button\" href=\"https:\/\/anvelonet.ro\/anvelopeauto\/anvelope-de-vara\/falken\" style=\"border-radius:0px;background-color:#fdd814\" target=\"_blank\" rel=\"noreferrer noopener\">Falken Anvelope De Vara<\/a><\/div>\n<\/div>\n","protected":false},"excerpt":{"rendered":"<p>Echipa Falken Motorsports a terminat \u00een top 10 la ADAC TotalEnergies 24 Hours de la N\u00fcrburgring \u00een acest weekend. Echipa<\/p>\n","protected":false},"author":1,"featured_media":940,"comment_status":"closed","ping_status":"closed","sticky":false,"template":"","format":"standard","meta":{"footnotes":""},"categories":[20,54,45],"tags":[],"yoast_head":"<!-- This site is optimized with the Yoast SEO plugin v16.9 - https:\/\/yoast.com\/wordpress\/plugins\/seo\/ -->\n<title>Echipa Falken este \u00een frunte pe N\u00fcrnburgring - Stiri<\/title>\n<meta name=\"description\" content=\"Echipa Falken Motorsports a terminat \u00een top 10 la ADAC TotalEnergies 24 Hours de la N\u00fcrburgring \u00een acest weekend. Echipa s-a confruntat cu multe provoc\u0103ri.\" \/>\n<meta name=\"robots\" content=\"index, follow, max-snippet:-1, max-image-preview:large, max-video-preview:-1\" \/>\n<link rel=\"canonical\" href=\"https:\/\/anvelonet.ro\/stiri\/falken-nurburgring-24h-2023\/\" \/>\n<meta property=\"og:locale\" content=\"ro_RO\" \/>\n<meta property=\"og:type\" content=\"article\" \/>\n<meta property=\"og:title\" content=\"Echipa Falken este \u00een frunte pe N\u00fcrnburgring - Stiri\" \/>\n<meta property=\"og:description\" content=\"Echipa Falken Motorsports a terminat \u00een top 10 la ADAC TotalEnergies 24 Hours de la N\u00fcrburgring \u00een acest weekend. Echipa s-a confruntat cu multe provoc\u0103ri.\" \/>\n<meta property=\"og:url\" content=\"https:\/\/anvelonet.ro\/stiri\/falken-nurburgring-24h-2023\/\" \/>\n<meta property=\"og:site_name\" content=\"Stiri\" \/>\n<meta property=\"article:published_time\" content=\"2023-06-08T11:09:54+00:00\" \/>\n<meta property=\"article:modified_time\" content=\"2023-06-08T11:42:41+00:00\" \/>\n<meta property=\"og:image\" content=\"https:\/\/anvelonet.ro\/stiri\/wp-content\/uploads\/2023\/06\/Falken-Nurburgring-2023.jpg\" \/>\n\t<meta property=\"og:image:width\" content=\"941\" \/>\n\t<meta property=\"og:image:height\" content=\"530\" \/>\n<meta name=\"twitter:card\" content=\"summary_large_image\" \/>\n<meta name=\"twitter:label1\" content=\"Scris de\" \/>\n\t<meta name=\"twitter:data1\" content=\"marketing\" \/>\n\t<meta name=\"twitter:label2\" content=\"Timp estimat pentru citire\" \/>\n\t<meta name=\"twitter:data2\" content=\"2 minute\" \/>\n<script type=\"application\/ld+json\" class=\"yoast-schema-graph\">{\"@context\":\"https:\/\/schema.org\",\"@graph\":[{\"@type\":\"WebSite\",\"@id\":\"https:\/\/anvelonet.ro\/stiri\/#website\",\"url\":\"https:\/\/anvelonet.ro\/stiri\/\",\"name\":\"Stiri\",\"description\":\"powered by ANVELONET\",\"potentialAction\":[{\"@type\":\"SearchAction\",\"target\":{\"@type\":\"EntryPoint\",\"urlTemplate\":\"https:\/\/anvelonet.ro\/stiri\/?s={search_term_string}\"},\"query-input\":\"required name=search_term_string\"}],\"inLanguage\":\"ro-RO\"},{\"@type\":\"ImageObject\",\"@id\":\"https:\/\/anvelonet.ro\/stiri\/falken-nurburgring-24h-2023\/#primaryimage\",\"inLanguage\":\"ro-RO\",\"url\":\"https:\/\/anvelonet.ro\/stiri\/wp-content\/uploads\/2023\/06\/Falken-Nurburgring-2023.jpg\",\"contentUrl\":\"https:\/\/anvelonet.ro\/stiri\/wp-content\/uploads\/2023\/06\/Falken-Nurburgring-2023.jpg\",\"width\":941,\"height\":530,\"caption\":\"Falken N\\u00fcrburgring 24h 2023\"},{\"@type\":\"WebPage\",\"@id\":\"https:\/\/anvelonet.ro\/stiri\/falken-nurburgring-24h-2023\/#webpage\",\"url\":\"https:\/\/anvelonet.ro\/stiri\/falken-nurburgring-24h-2023\/\",\"name\":\"Echipa Falken este \\u00een frunte pe N\\u00fcrnburgring - Stiri\",\"isPartOf\":{\"@id\":\"https:\/\/anvelonet.ro\/stiri\/#website\"},\"primaryImageOfPage\":{\"@id\":\"https:\/\/anvelonet.ro\/stiri\/falken-nurburgring-24h-2023\/#primaryimage\"},\"datePublished\":\"2023-06-08T11:09:54+00:00\",\"dateModified\":\"2023-06-08T11:42:41+00:00\",\"author\":{\"@id\":\"https:\/\/anvelonet.ro\/stiri\/#\/schema\/person\/071d0d439a768c81d50a5cfa9be2ebc3\"},\"description\":\"Echipa Falken Motorsports a terminat \\u00een top 10 la ADAC TotalEnergies 24 Hours de la N\\u00fcrburgring \\u00een acest weekend. Echipa s-a confruntat cu multe provoc\\u0103ri.\",\"breadcrumb\":{\"@id\":\"https:\/\/anvelonet.ro\/stiri\/falken-nurburgring-24h-2023\/#breadcrumb\"},\"inLanguage\":\"ro-RO\",\"potentialAction\":[{\"@type\":\"ReadAction\",\"target\":[\"https:\/\/anvelonet.ro\/stiri\/falken-nurburgring-24h-2023\/\"]}]},{\"@type\":\"BreadcrumbList\",\"@id\":\"https:\/\/anvelonet.ro\/stiri\/falken-nurburgring-24h-2023\/#breadcrumb\",\"itemListElement\":[{\"@type\":\"ListItem\",\"position\":1,\"name\":\"Home\",\"item\":\"https:\/\/anvelonet.ro\/stiri\/\"},{\"@type\":\"ListItem\",\"position\":2,\"name\":\"Echipa Falken este \\u00een frunte pe N\\u00fcrnburgring\"}]},{\"@type\":\"Person\",\"@id\":\"https:\/\/anvelonet.ro\/stiri\/#\/schema\/person\/071d0d439a768c81d50a5cfa9be2ebc3\",\"name\":\"marketing\",\"image\":{\"@type\":\"ImageObject\",\"@id\":\"https:\/\/anvelonet.ro\/stiri\/#personlogo\",\"inLanguage\":\"ro-RO\",\"url\":\"https:\/\/secure.gravatar.com\/avatar\/6315a10387a0520c6625e1da4026915a?s=96&d=mm&r=g\",\"contentUrl\":\"https:\/\/secure.gravatar.com\/avatar\/6315a10387a0520c6625e1da4026915a?s=96&d=mm&r=g\",\"caption\":\"marketing\"},\"sameAs\":[\"https:\/\/anvelonet.ro\/stiri\"],\"url\":\"https:\/\/anvelonet.ro\/stiri\/author\/marketing\/\"}]}<\/script>\n<!-- \/ Yoast SEO plugin. -->","yoast_head_json":{"title":"Echipa Falken este \u00een frunte pe N\u00fcrnburgring - Stiri","description":"Echipa Falken Motorsports a terminat \u00een top 10 la ADAC TotalEnergies 24 Hours de la N\u00fcrburgring \u00een acest weekend. Echipa s-a confruntat cu multe provoc\u0103ri.","robots":{"index":"index","follow":"follow","max-snippet":"max-snippet:-1","max-image-preview":"max-image-preview:large","max-video-preview":"max-video-preview:-1"},"canonical":"https:\/\/anvelonet.ro\/stiri\/falken-nurburgring-24h-2023\/","og_locale":"ro_RO","og_type":"article","og_title":"Echipa Falken este \u00een frunte pe N\u00fcrnburgring - Stiri","og_description":"Echipa Falken Motorsports a terminat \u00een top 10 la ADAC TotalEnergies 24 Hours de la N\u00fcrburgring \u00een acest weekend. Echipa s-a confruntat cu multe provoc\u0103ri.","og_url":"https:\/\/anvelonet.ro\/stiri\/falken-nurburgring-24h-2023\/","og_site_name":"Stiri","article_published_time":"2023-06-08T11:09:54+00:00","article_modified_time":"2023-06-08T11:42:41+00:00","og_image":[{"width":941,"height":530,"filesize":299834,"url":"https:\/\/anvelonet.ro\/stiri\/wp-content\/uploads\/2023\/06\/Falken-Nurburgring-2023.jpg","path":"\/var\/www\/gumi.hu\/wp_blogs\/stiri\/wp-content\/uploads\/2023\/06\/Falken-Nurburgring-2023.jpg","size":"full","id":940,"alt":"Falken N\u00fcrburgring 24h 2023","pixels":498730,"type":"image\/jpeg"}],"twitter_card":"summary_large_image","twitter_misc":{"Scris de":"marketing","Timp estimat pentru citire":"2 minute"},"schema":{"@context":"https:\/\/schema.org","@graph":[{"@type":"WebSite","@id":"https:\/\/anvelonet.ro\/stiri\/#website","url":"https:\/\/anvelonet.ro\/stiri\/","name":"Stiri","description":"powered by ANVELONET","potentialAction":[{"@type":"SearchAction","target":{"@type":"EntryPoint","urlTemplate":"https:\/\/anvelonet.ro\/stiri\/?s={search_term_string}"},"query-input":"required name=search_term_string"}],"inLanguage":"ro-RO"},{"@type":"ImageObject","@id":"https:\/\/anvelonet.ro\/stiri\/falken-nurburgring-24h-2023\/#primaryimage","inLanguage":"ro-RO","url":"https:\/\/anvelonet.ro\/stiri\/wp-content\/uploads\/2023\/06\/Falken-Nurburgring-2023.jpg","contentUrl":"https:\/\/anvelonet.ro\/stiri\/wp-content\/uploads\/2023\/06\/Falken-Nurburgring-2023.jpg","width":941,"height":530,"caption":"Falken N\u00fcrburgring 24h 2023"},{"@type":"WebPage","@id":"https:\/\/anvelonet.ro\/stiri\/falken-nurburgring-24h-2023\/#webpage","url":"https:\/\/anvelonet.ro\/stiri\/falken-nurburgring-24h-2023\/","name":"Echipa Falken este \u00een frunte pe N\u00fcrnburgring - Stiri","isPartOf":{"@id":"https:\/\/anvelonet.ro\/stiri\/#website"},"primaryImageOfPage":{"@id":"https:\/\/anvelonet.ro\/stiri\/falken-nurburgring-24h-2023\/#primaryimage"},"datePublished":"2023-06-08T11:09:54+00:00","dateModified":"2023-06-08T11:42:41+00:00","author":{"@id":"https:\/\/anvelonet.ro\/stiri\/#\/schema\/person\/071d0d439a768c81d50a5cfa9be2ebc3"},"description":"Echipa Falken Motorsports a terminat \u00een top 10 la ADAC TotalEnergies 24 Hours de la N\u00fcrburgring \u00een acest weekend. Echipa s-a confruntat cu multe provoc\u0103ri.","breadcrumb":{"@id":"https:\/\/anvelonet.ro\/stiri\/falken-nurburgring-24h-2023\/#breadcrumb"},"inLanguage":"ro-RO","potentialAction":[{"@type":"ReadAction","target":["https:\/\/anvelonet.ro\/stiri\/falken-nurburgring-24h-2023\/"]}]},{"@type":"BreadcrumbList","@id":"https:\/\/anvelonet.ro\/stiri\/falken-nurburgring-24h-2023\/#breadcrumb","itemListElement":[{"@type":"ListItem","position":1,"name":"Home","item":"https:\/\/anvelonet.ro\/stiri\/"},{"@type":"ListItem","position":2,"name":"Echipa Falken este \u00een frunte pe N\u00fcrnburgring"}]},{"@type":"Person","@id":"https:\/\/anvelonet.ro\/stiri\/#\/schema\/person\/071d0d439a768c81d50a5cfa9be2ebc3","name":"marketing","image":{"@type":"ImageObject","@id":"https:\/\/anvelonet.ro\/stiri\/#personlogo","inLanguage":"ro-RO","url":"https:\/\/secure.gravatar.com\/avatar\/6315a10387a0520c6625e1da4026915a?s=96&d=mm&r=g","contentUrl":"https:\/\/secure.gravatar.com\/avatar\/6315a10387a0520c6625e1da4026915a?s=96&d=mm&r=g","caption":"marketing"},"sameAs":["https:\/\/anvelonet.ro\/stiri"],"url":"https:\/\/anvelonet.ro\/stiri\/author\/marketing\/"}]}},"_links":{"self":[{"href":"https:\/\/anvelonet.ro\/stiri\/wp-json\/wp\/v2\/posts\/933"}],"collection":[{"href":"https:\/\/anvelonet.ro\/stiri\/wp-json\/wp\/v2\/posts"}],"about":[{"href":"https:\/\/anvelonet.ro\/stiri\/wp-json\/wp\/v2\/types\/post"}],"author":[{"embeddable":true,"href":"https:\/\/anvelonet.ro\/stiri\/wp-json\/wp\/v2\/users\/1"}],"replies":[{"embeddable":true,"href":"https:\/\/anvelonet.ro\/stiri\/wp-json\/wp\/v2\/comments?post=933"}],"version-history":[{"count":4,"href":"https:\/\/anvelonet.ro\/stiri\/wp-json\/wp\/v2\/posts\/933\/revisions"}],"predecessor-version":[{"id":945,"href":"https:\/\/anvelonet.ro\/stiri\/wp-json\/wp\/v2\/posts\/933\/revisions\/945"}],"wp:featuredmedia":[{"embeddable":true,"href":"https:\/\/anvelonet.ro\/stiri\/wp-json\/wp\/v2\/media\/940"}],"wp:attachment":[{"href":"https:\/\/anvelonet.ro\/stiri\/wp-json\/wp\/v2\/media?parent=933"}],"wp:term":[{"taxonomy":"category","embeddable":true,"href":"https:\/\/anvelonet.ro\/stiri\/wp-json\/wp\/v2\/categories?post=933"},{"taxonomy":"post_tag","embeddable":true,"href":"https:\/\/anvelonet.ro\/stiri\/wp-json\/wp\/v2\/tags?post=933"}],"curies":[{"name":"wp","href":"https:\/\/api.w.org\/{rel}","templated":true}]}}